{"id":19903,"date":"2017-04-20T16:45:28","date_gmt":"2017-04-20T16:45:28","guid":{"rendered":""},"modified":"2017-04-20T16:45:28","modified_gmt":"2017-04-20T16:45:28","slug":"cuida-tus-alimentos-durante-el-embarazo-y-evita-problemas-bucales","status":"publish","type":"post","link":"https:\/\/sertv.gob.pa\/nacionalfm\/cuida-tus-alimentos-durante-el-embarazo-y-evita-problemas-bucales\/","title":{"rendered":"Cuida tus alimentos durante el embarazo y evita problemas bucales"},"content":{"rendered":"<p>\nEn este periodo de la vida, muchas mujeres notan que sus enc\u00edas est\u00e1n m\u00e1s sensibles y que sangran con facilidad.\u00a0 <\/p>\n<p>Para evitar  futuros problemas bucales , es necesario una atenci\u00f3n especial de los dientes y enc\u00edas. <\/p>\n<p>Una dieta inadecuada y un sistema de defensa debilitado pueden desencadenar afecciones diversas como aftas bucales, inflamaci\u00f3n y sangrado de las enc\u00edas, molestias como ardor en la boca y sequedad, desmineralizaci\u00f3n de los dientes y de la estructura que soporta, caries e incluso infecciones por hongos. <\/p>\n<p>Adem\u00e1s, durante en los nueve meses de embarazo suele haber un aumento en el consumo de az\u00facar, aparici\u00f3n de n\u00e1useas y v\u00f3mitos o cambios en la composici\u00f3n de la saliva (se tiene un PH m\u00e1s \u00e1cido), que pueden ocasionar  trastornos en las enc\u00edas y caries . <\/p>\n<p>Se recomiendan una buena higiene bucodental y una alimentaci\u00f3n equilibrada, ambas medidas son fundamentales para prevenir problemas bucales y  ayuda a determinar la salud dental  y general del beb\u00e9. <\/p>\n<p>\u00a0 <\/p>\n","protected":false},"excerpt":{"rendered":"<p>En este periodo de la vida, muchas mujeres notan que <a href=\"https:\/\/sertv.gob.pa\/nacionalfm\/cuida-tus-alimentos-durante-el-embarazo-y-evita-problemas-bucales\/\"> [&#8230;]<\/a><\/p>\n","protected":false},"author":1,"featured_media":19904,"comment_status":"closed","ping_status":"closed","sticky":false,"template":"","format":"standard","meta":{"footnotes":""},"categories":[5],"tags":[],"class_list":["post-19903","post","type-post","status-publish","format-standard","has-post-thumbnail","hentry","category-salud"],"_links":{"self":[{"href":"https:\/\/sertv.gob.pa\/nacionalfm\/wp-json\/wp\/v2\/posts\/19903","targetHints":{"allow":["GET"]}}],"collection":[{"href":"https:\/\/sertv.gob.pa\/nacionalfm\/wp-json\/wp\/v2\/posts"}],"about":[{"href":"https:\/\/sertv.gob.pa\/nacionalfm\/wp-json\/wp\/v2\/types\/post"}],"author":[{"embeddable":true,"href":"https:\/\/sertv.gob.pa\/nacionalfm\/wp-json\/wp\/v2\/users\/1"}],"replies":[{"embeddable":true,"href":"https:\/\/sertv.gob.pa\/nacionalfm\/wp-json\/wp\/v2\/comments?post=19903"}],"version-history":[{"count":0,"href":"https:\/\/sertv.gob.pa\/nacionalfm\/wp-json\/wp\/v2\/posts\/19903\/revisions"}],"wp:featuredmedia":[{"embeddable":true,"href":"https:\/\/sertv.gob.pa\/nacionalfm\/wp-json\/wp\/v2\/media\/19904"}],"wp:attachment":[{"href":"https:\/\/sertv.gob.pa\/nacionalfm\/wp-json\/wp\/v2\/media?parent=19903"}],"wp:term":[{"taxonomy":"category","embeddable":true,"href":"https:\/\/sertv.gob.pa\/nacionalfm\/wp-json\/wp\/v2\/categories?post=19903"},{"taxonomy":"post_tag","embeddable":true,"href":"https:\/\/sertv.gob.pa\/nacionalfm\/wp-json\/wp\/v2\/tags?post=19903"}],"curies":[{"name":"wp","href":"https:\/\/api.w.org\/{rel}","templated":true}]}}