{"id":19913,"date":"2017-04-20T19:00:11","date_gmt":"2017-04-20T19:00:11","guid":{"rendered":""},"modified":"2017-04-20T19:00:11","modified_gmt":"2017-04-20T19:00:11","slug":"atletas-de-olimpiadas-especiales-cumplieron-ultima-concentracion","status":"publish","type":"post","link":"https:\/\/sertv.gob.pa\/nacionalfm\/atletas-de-olimpiadas-especiales-cumplieron-ultima-concentracion\/","title":{"rendered":"Atletas de Olimpiadas Especiales cumplieron \u00faltima concentraci\u00f3n"},"content":{"rendered":"<p>\nA tres d\u00edas de inaugurarse Los III Juegos Latinoamericanos de Olimpiadas Especiales ma\u00f1ana 21 de abril en el estadio Rommel Fern\u00e1ndez, los atletas que provienen de diferentes puntos del pa\u00eds se unieron por tercera y \u00faltima sesi\u00f3n de entrenamiento. <\/p>\n<p>Los 174 atletas\u00a0 que provienen de diferentes puntos del pa\u00eds junto con los 46 entrenadores que componen la delegaci\u00f3n paname\u00f1a, se concentraron en el Hotel El Panam\u00e1, sede oficial de los juegos. <\/p>\n<p>Este mi\u00e9rcoles 19, los deportistas se trasladaron a las diferentes sedes deportivas, de acuerdo a su respectiva disciplina en la cual competir\u00e1n en esta justa internacional en horario de 8 a.m. a\u00a0 4 p.m. <\/p>\n<p>La jornada de entrenamiento se llevaron a cabo en el estadio Rommel Fern\u00e1ndez, con atletismo; Luis Ernesto &ldquo;Cascarita&rdquo; Tapia, bocha; Gimnasio &ldquo;Gringo&rdquo; De La Guardia, baloncesto unificado; tenis de mesa y gimnasia r\u00edtmica en el centro de acondicionamiento f\u00edsico de la Autoridad del Canal de Panam\u00e1 (ACP); voleibol unificado en el gimnasio de la Universidad Mar\u00edtima Internacional de Panam\u00e1 en Balboa, Anc\u00f3n; Club de Golf de Panam\u00e1 en Brisas del Golf, tenis de campo; boliche en Albrook Bowling y nataci\u00f3n en la piscina de la Federaci\u00f3n Paname\u00f1a de Nataci\u00f3n en Albrook. <\/p>\n<p>La delegaci\u00f3n nacional medir\u00e1 fuerzas contra m\u00e1s de 800 atletas de 20 pa\u00edses de la regi\u00f3n que son: Argentina, Bolivia, Costa Rica, Colombia, Cuba, Ecuador, El Salvador, M\u00e9xico, Nicaragua, Brasil, Chile, Honduras, Guatemala, Paraguay, Per\u00fa, Puerto Rico, Rep\u00fablica Dominicana, Uruguay, Venezuela y Jamaica como pa\u00eds invitado. <\/p>\n<p>\u00a0 <\/p>\n","protected":false},"excerpt":{"rendered":"<p>A tres d\u00edas de inaugurarse Los III Juegos Latinoamericanos de <a href=\"https:\/\/sertv.gob.pa\/nacionalfm\/atletas-de-olimpiadas-especiales-cumplieron-ultima-concentracion\/\"> [&#8230;]<\/a><\/p>\n","protected":false},"author":1,"featured_media":19914,"comment_status":"closed","ping_status":"closed","sticky":false,"template":"","format":"standard","meta":{"footnotes":""},"categories":[4],"tags":[],"class_list":["post-19913","post","type-post","status-publish","format-standard","has-post-thumbnail","hentry","category-deportes"],"_links":{"self":[{"href":"https:\/\/sertv.gob.pa\/nacionalfm\/wp-json\/wp\/v2\/posts\/19913","targetHints":{"allow":["GET"]}}],"collection":[{"href":"https:\/\/sertv.gob.pa\/nacionalfm\/wp-json\/wp\/v2\/posts"}],"about":[{"href":"https:\/\/sertv.gob.pa\/nacionalfm\/wp-json\/wp\/v2\/types\/post"}],"author":[{"embeddable":true,"href":"https:\/\/sertv.gob.pa\/nacionalfm\/wp-json\/wp\/v2\/users\/1"}],"replies":[{"embeddable":true,"href":"https:\/\/sertv.gob.pa\/nacionalfm\/wp-json\/wp\/v2\/comments?post=19913"}],"version-history":[{"count":0,"href":"https:\/\/sertv.gob.pa\/nacionalfm\/wp-json\/wp\/v2\/posts\/19913\/revisions"}],"wp:featuredmedia":[{"embeddable":true,"href":"https:\/\/sertv.gob.pa\/nacionalfm\/wp-json\/wp\/v2\/media\/19914"}],"wp:attachment":[{"href":"https:\/\/sertv.gob.pa\/nacionalfm\/wp-json\/wp\/v2\/media?parent=19913"}],"wp:term":[{"taxonomy":"category","embeddable":true,"href":"https:\/\/sertv.gob.pa\/nacionalfm\/wp-json\/wp\/v2\/categories?post=19913"},{"taxonomy":"post_tag","embeddable":true,"href":"https:\/\/sertv.gob.pa\/nacionalfm\/wp-json\/wp\/v2\/tags?post=19913"}],"curies":[{"name":"wp","href":"https:\/\/api.w.org\/{rel}","templated":true}]}}