{"id":19915,"date":"2017-04-20T19:25:00","date_gmt":"2017-04-20T19:25:00","guid":{"rendered":""},"modified":"2017-04-20T19:25:00","modified_gmt":"2017-04-20T19:25:00","slug":"dueno-de-pizeria-hace-aporte-para-guantes-de-oro","status":"publish","type":"post","link":"https:\/\/sertv.gob.pa\/nacionalfm\/dueno-de-pizeria-hace-aporte-para-guantes-de-oro\/","title":{"rendered":"Due\u00f1o de pizer\u00eda hace aporte para Guantes de Oro"},"content":{"rendered":"<p>\nGeorge Sarantoupulos, propietario de Pizer\u00edas Giorgios hizo un aporte de B\/.2000 a la Federaci\u00f3n de Boxeo Ol\u00edmpico de Panam\u00e1, como patrocinio para los pr\u00f3ximos Guantes de Oro que se desarrollar\u00e1n en el gimnasio Orlando Winter de San Miguelito. <\/p>\n<p>El aporte lo recibi\u00f3 el aporte tramitado por el Municipio de San Miguelito, el presidente de la Federaci\u00f3n de Boxeo Ol\u00edmpico de Panam\u00e1, acompa\u00f1ado de Rolando Gonz\u00e1lez, en representaci\u00f3n de la Alcald\u00eda de San Miguelito. <\/p>\n<p>El Campeonato Nacional Guantes de Oro se efectuar\u00e1 desde el 1 al 6 de mayo, y el mismo ser\u00e1 dedicado a Rigoberto Garibaldi primer paname\u00f1o en lograr medalla en un mundial de boxeo en el cual le correspondi\u00f3 a la de bronce en el a\u00f1o 1974 en la Habana, Cuba, posteriormente en 1987 lo logr\u00f3 Eduardo Rivas en un mundial juvenil y la \u00faltima fue Atheyna Bylon con la de oro, en Mundial Femenino. <\/p>\n","protected":false},"excerpt":{"rendered":"<p>George Sarantoupulos, propietario de Pizer\u00edas Giorgios hizo un aporte de <a href=\"https:\/\/sertv.gob.pa\/nacionalfm\/dueno-de-pizeria-hace-aporte-para-guantes-de-oro\/\"> [&#8230;]<\/a><\/p>\n","protected":false},"author":1,"featured_media":19916,"comment_status":"closed","ping_status":"closed","sticky":false,"template":"","format":"standard","meta":{"footnotes":""},"categories":[4],"tags":[],"class_list":["post-19915","post","type-post","status-publish","format-standard","has-post-thumbnail","hentry","category-deportes"],"_links":{"self":[{"href":"https:\/\/sertv.gob.pa\/nacionalfm\/wp-json\/wp\/v2\/posts\/19915","targetHints":{"allow":["GET"]}}],"collection":[{"href":"https:\/\/sertv.gob.pa\/nacionalfm\/wp-json\/wp\/v2\/posts"}],"about":[{"href":"https:\/\/sertv.gob.pa\/nacionalfm\/wp-json\/wp\/v2\/types\/post"}],"author":[{"embeddable":true,"href":"https:\/\/sertv.gob.pa\/nacionalfm\/wp-json\/wp\/v2\/users\/1"}],"replies":[{"embeddable":true,"href":"https:\/\/sertv.gob.pa\/nacionalfm\/wp-json\/wp\/v2\/comments?post=19915"}],"version-history":[{"count":0,"href":"https:\/\/sertv.gob.pa\/nacionalfm\/wp-json\/wp\/v2\/posts\/19915\/revisions"}],"wp:featuredmedia":[{"embeddable":true,"href":"https:\/\/sertv.gob.pa\/nacionalfm\/wp-json\/wp\/v2\/media\/19916"}],"wp:attachment":[{"href":"https:\/\/sertv.gob.pa\/nacionalfm\/wp-json\/wp\/v2\/media?parent=19915"}],"wp:term":[{"taxonomy":"category","embeddable":true,"href":"https:\/\/sertv.gob.pa\/nacionalfm\/wp-json\/wp\/v2\/categories?post=19915"},{"taxonomy":"post_tag","embeddable":true,"href":"https:\/\/sertv.gob.pa\/nacionalfm\/wp-json\/wp\/v2\/tags?post=19915"}],"curies":[{"name":"wp","href":"https:\/\/api.w.org\/{rel}","templated":true}]}}