{"id":19943,"date":"2017-04-21T18:08:58","date_gmt":"2017-04-21T18:08:58","guid":{"rendered":""},"modified":"2017-04-21T18:08:58","modified_gmt":"2017-04-21T18:08:58","slug":"a-cuidarse-del-chinche-y-la-chitra","status":"publish","type":"post","link":"https:\/\/sertv.gob.pa\/nacionalfm\/a-cuidarse-del-chinche-y-la-chitra\/","title":{"rendered":"A cuidarse del chinche y la chitra"},"content":{"rendered":"<p>\nDos mil casos de leishmaniasis por a\u00f1o son reportados por las autoridades del Ministerio de Salud (MINSA). <\/p>\n<p>Esta es una enfermedad que se desarrolla en animales como roedores y marsupiales y es transmitida a la persona por una chitra. Ocasiona lesiones graves en la piel y afecta principalmente a los ni\u00f1os. <\/p>\n<p>Las provincias de Bocas del Toro, Cocl\u00e9, Veraguas y Panam\u00e1 Oeste son los sitios donde se ha detectado este padecimiento, seg\u00fan informes del MINSA. <\/p>\n<p>Raquel Guti\u00e9rrez de Mock, coordinadora nacional del Programa de Adultos y Adultos Mayores del MINSA, dijo que las enfermedades desatendidas afectan a personas que se hallan en los lugares apartados del pa\u00eds. <\/p>\n<p>Mientras que 200 casos de la enfermedad de Chagas, que es propagada por el chinche, son detectados anualmente. <\/p>\n<p>Expres\u00f3 que los s\u00edntomas son fiebre prolongada por tres meses, uno de los dos ojos se hincha y hay debilidad. Esta dolencia se detecta a trav\u00e9s de prueba de sangre. <\/p>\n<p>&lsquo;Ante esto se le hacen las pruebas de laboratorio para luego darle los tratamientos para combatir esta afectaci\u00f3n&#8217;, asegur\u00f3 la especialista Guti\u00e9rrez de Mock. <\/p>\n<p>Jos\u00e9 Calzada, del Instituto Conmemorativo Gorgas, manifest\u00f3 que desafortunadamente estas enfermedades se concentran en las poblaciones que habitan en las comunidades ind\u00edgenas y las \u00e1reas rurales. <\/p>\n<p>&lsquo;Panam\u00e1, como tiene un clima tropical, permite la existencia de vectores y reservorios que son los transmisores de las enfermedades de Chagas, leishmaniasis, t\u00e9tano neonatal, s\u00edfilis cong\u00e9nita y lepra&#8217;, agreg\u00f3 Calzada. <\/p>\n<p>Explic\u00f3 que las autoridades de Salud est\u00e1n educando a la poblaci\u00f3n. Se mantienen orientando a trav\u00e9s de visitas domiciliarias y hacen fumigaciones que se realizan en las comunidades. <\/p>\n<p>El MINSA, durante esta semana, lleva a cabo las acciones contra las &lsquo;Enfermedades Parasitarias Desatendidas&#8217;, capacitaci\u00f3n que se desarrolla del 17 al 21 de abril en busca de prevenir y controlar estos trastornos. <\/p>\n<p>\u00a0 <\/p>\n","protected":false},"excerpt":{"rendered":"<p>Dos mil casos de leishmaniasis por a\u00f1o son reportados por <a href=\"https:\/\/sertv.gob.pa\/nacionalfm\/a-cuidarse-del-chinche-y-la-chitra\/\"> [&#8230;]<\/a><\/p>\n","protected":false},"author":1,"featured_media":19944,"comment_status":"closed","ping_status":"closed","sticky":false,"template":"","format":"standard","meta":{"footnotes":""},"categories":[5],"tags":[],"class_list":["post-19943","post","type-post","status-publish","format-standard","has-post-thumbnail","hentry","category-salud"],"_links":{"self":[{"href":"https:\/\/sertv.gob.pa\/nacionalfm\/wp-json\/wp\/v2\/posts\/19943","targetHints":{"allow":["GET"]}}],"collection":[{"href":"https:\/\/sertv.gob.pa\/nacionalfm\/wp-json\/wp\/v2\/posts"}],"about":[{"href":"https:\/\/sertv.gob.pa\/nacionalfm\/wp-json\/wp\/v2\/types\/post"}],"author":[{"embeddable":true,"href":"https:\/\/sertv.gob.pa\/nacionalfm\/wp-json\/wp\/v2\/users\/1"}],"replies":[{"embeddable":true,"href":"https:\/\/sertv.gob.pa\/nacionalfm\/wp-json\/wp\/v2\/comments?post=19943"}],"version-history":[{"count":0,"href":"https:\/\/sertv.gob.pa\/nacionalfm\/wp-json\/wp\/v2\/posts\/19943\/revisions"}],"wp:featuredmedia":[{"embeddable":true,"href":"https:\/\/sertv.gob.pa\/nacionalfm\/wp-json\/wp\/v2\/media\/19944"}],"wp:attachment":[{"href":"https:\/\/sertv.gob.pa\/nacionalfm\/wp-json\/wp\/v2\/media?parent=19943"}],"wp:term":[{"taxonomy":"category","embeddable":true,"href":"https:\/\/sertv.gob.pa\/nacionalfm\/wp-json\/wp\/v2\/categories?post=19943"},{"taxonomy":"post_tag","embeddable":true,"href":"https:\/\/sertv.gob.pa\/nacionalfm\/wp-json\/wp\/v2\/tags?post=19943"}],"curies":[{"name":"wp","href":"https:\/\/api.w.org\/{rel}","templated":true}]}}