{"id":19951,"date":"2017-04-21T20:09:32","date_gmt":"2017-04-21T20:09:32","guid":{"rendered":""},"modified":"2017-04-21T20:09:32","modified_gmt":"2017-04-21T20:09:32","slug":"cancelan-cartelera-boxistica-del-28-de-abril-en-betania","status":"publish","type":"post","link":"https:\/\/sertv.gob.pa\/nacionalfm\/cancelan-cartelera-boxistica-del-28-de-abril-en-betania\/","title":{"rendered":"Cancelan cartelera box\u00edstica del 28 de abril en Betania"},"content":{"rendered":"<p>\nLa cartelera box\u00edstica &ldquo;Guerra en Betania&rdquo; que se iba a realizar el pr\u00f3ximo 28 de abril en el gimnasio Eugenio &ldquo;Yuy\u00edn&rdquo; Luzcando fue cancelada definitivamente, seg\u00fan comunic\u00f3 mediante correo electr\u00f3nico el promotor Francisco Cornejo. <\/p>\n<p>Manifest\u00f3 el promotor Cornejo que la imposibilidad de conseguir rivales para los dem\u00e1s p\u00fagiles contratados ha obligado a tomar una decisi\u00f3n definitiva. <\/p>\n<p>El promotor Cornejo considera que no es prudente traer boxeadores extranjeros para completar combates de cuatro asaltos, ya que no se encuentran boxeadores locales que puedan aceptar esos compromisos. <\/p>\n<p>La empresa no puede afrontar los costos de pasajes a\u00e9reos, hospedaje, alimentaci\u00f3n y otros gastos que hacen imposible, realizar una inversi\u00f3n que no se iba a recuperar, ya que la entrada iba a ser totalmente gratis, por la incapacidad del estelarista Ricardo &ldquo;El Matem\u00e1tico&rdquo; N\u00fa\u00f1ez, que se report\u00f3 enfermo. <\/p>\n<p>El p\u00fagil &ldquo;Matem\u00e1tico&rdquo; N\u00fa\u00f1ez ser\u00e1 examinado el pr\u00f3ximo martes 2 de mayo en horas de la tarde, por el doctor Sa\u00fal Saucedo en su cl\u00ednica. <\/p>\n<p>\u00a0 <\/p>\n<p>\u00a0 <\/p>\n","protected":false},"excerpt":{"rendered":"<p>La cartelera box\u00edstica &ldquo;Guerra en Betania&rdquo; que se iba a <a href=\"https:\/\/sertv.gob.pa\/nacionalfm\/cancelan-cartelera-boxistica-del-28-de-abril-en-betania\/\"> [&#8230;]<\/a><\/p>\n","protected":false},"author":1,"featured_media":19952,"comment_status":"closed","ping_status":"closed","sticky":false,"template":"","format":"standard","meta":{"footnotes":""},"categories":[4],"tags":[],"class_list":["post-19951","post","type-post","status-publish","format-standard","has-post-thumbnail","hentry","category-deportes"],"_links":{"self":[{"href":"https:\/\/sertv.gob.pa\/nacionalfm\/wp-json\/wp\/v2\/posts\/19951","targetHints":{"allow":["GET"]}}],"collection":[{"href":"https:\/\/sertv.gob.pa\/nacionalfm\/wp-json\/wp\/v2\/posts"}],"about":[{"href":"https:\/\/sertv.gob.pa\/nacionalfm\/wp-json\/wp\/v2\/types\/post"}],"author":[{"embeddable":true,"href":"https:\/\/sertv.gob.pa\/nacionalfm\/wp-json\/wp\/v2\/users\/1"}],"replies":[{"embeddable":true,"href":"https:\/\/sertv.gob.pa\/nacionalfm\/wp-json\/wp\/v2\/comments?post=19951"}],"version-history":[{"count":0,"href":"https:\/\/sertv.gob.pa\/nacionalfm\/wp-json\/wp\/v2\/posts\/19951\/revisions"}],"wp:featuredmedia":[{"embeddable":true,"href":"https:\/\/sertv.gob.pa\/nacionalfm\/wp-json\/wp\/v2\/media\/19952"}],"wp:attachment":[{"href":"https:\/\/sertv.gob.pa\/nacionalfm\/wp-json\/wp\/v2\/media?parent=19951"}],"wp:term":[{"taxonomy":"category","embeddable":true,"href":"https:\/\/sertv.gob.pa\/nacionalfm\/wp-json\/wp\/v2\/categories?post=19951"},{"taxonomy":"post_tag","embeddable":true,"href":"https:\/\/sertv.gob.pa\/nacionalfm\/wp-json\/wp\/v2\/tags?post=19951"}],"curies":[{"name":"wp","href":"https:\/\/api.w.org\/{rel}","templated":true}]}}