{"id":19955,"date":"2017-04-21T20:57:45","date_gmt":"2017-04-21T20:57:45","guid":{"rendered":""},"modified":"2017-04-21T20:57:45","modified_gmt":"2017-04-21T20:57:45","slug":"inauguran-hoy-iii-juegos-latinoamericanos-de-olimpiadas-especiales","status":"publish","type":"post","link":"https:\/\/sertv.gob.pa\/nacionalfm\/inauguran-hoy-iii-juegos-latinoamericanos-de-olimpiadas-especiales\/","title":{"rendered":"Inauguran hoy III Juegos Latinoamericanos de Olimpiadas Especiales"},"content":{"rendered":"<p>\nComo un adelanto de lo que se vivir\u00e1 en Panam\u00e1 con la celebraci\u00f3n de los III Juegos Latinoamericanos de Olimpiadas Especiales, se constituy\u00f3 el recorrido de antorcha de la esperanza entre el estadio Maracan\u00e1 de El Chorrillo, pasando por el Casco Antiguo hasta llegar al Mirador Pac\u00edfico en la Cinta Costera. <\/p>\n<p>El recorrido de la antorcha de la esperanza, y que mantendr\u00e1 encendido el pebetero a con la gran inauguraci\u00f3n de esta justa deportiva, que significa la hermandad que se registrar\u00e1 en este evento es que participar\u00e1n 800 atletas de 21 pa\u00edses. <\/p>\n<p>El Instituto Paname\u00f1o de Deportes (Pandeportes) constituido en uno de los pilares en la organizaci\u00f3n de estos juegos, volvi\u00f3 a tener una activa participaci\u00f3n en el recorrido de la antorcha de la esperanza, encabezado por el subdirector general, Mario P\u00e9rez, quien recibi\u00f3 la llama en el Parque Herrera en San Felipe de manos de Jaime Villar, director general del Cuerpo de Bomberos de Panam\u00e1. <\/p>\n<p>P\u00e9rez prosigui\u00f3 el recorrido para entregar la antorcha a la ministra de Gobierno, Mar\u00eda Luisa Romero, quien continu\u00f2 la traves\u00eda para que fuera recibida por la canciller y vicepresidenta, Isabel de Saint Malo de Alvarado quien la llev\u00f3 hasta las escalinatas del Palacio de Las Garzas, en donde fue recibida por el presidente Juan Carlos Varela. <\/p>\n<p>El Mandatario despu\u00e9s entreg\u00f3 la antorcha de la esperanza a los estamentos de la Polic\u00eda Nacional a los que les correspondi\u00f3 la custodia durante todo el recorrido que efectu\u00f3 a lo largo y ancho de la geograf\u00eda nacional y que finaliza este viernes 21 de abril con el encendido del pebe <\/p>\n","protected":false},"excerpt":{"rendered":"<p>Como un adelanto de lo que se vivir\u00e1 en Panam\u00e1 <a href=\"https:\/\/sertv.gob.pa\/nacionalfm\/inauguran-hoy-iii-juegos-latinoamericanos-de-olimpiadas-especiales\/\"> [&#8230;]<\/a><\/p>\n","protected":false},"author":1,"featured_media":19956,"comment_status":"closed","ping_status":"closed","sticky":false,"template":"","format":"standard","meta":{"footnotes":""},"categories":[4],"tags":[],"class_list":["post-19955","post","type-post","status-publish","format-standard","has-post-thumbnail","hentry","category-deportes"],"_links":{"self":[{"href":"https:\/\/sertv.gob.pa\/nacionalfm\/wp-json\/wp\/v2\/posts\/19955","targetHints":{"allow":["GET"]}}],"collection":[{"href":"https:\/\/sertv.gob.pa\/nacionalfm\/wp-json\/wp\/v2\/posts"}],"about":[{"href":"https:\/\/sertv.gob.pa\/nacionalfm\/wp-json\/wp\/v2\/types\/post"}],"author":[{"embeddable":true,"href":"https:\/\/sertv.gob.pa\/nacionalfm\/wp-json\/wp\/v2\/users\/1"}],"replies":[{"embeddable":true,"href":"https:\/\/sertv.gob.pa\/nacionalfm\/wp-json\/wp\/v2\/comments?post=19955"}],"version-history":[{"count":0,"href":"https:\/\/sertv.gob.pa\/nacionalfm\/wp-json\/wp\/v2\/posts\/19955\/revisions"}],"wp:featuredmedia":[{"embeddable":true,"href":"https:\/\/sertv.gob.pa\/nacionalfm\/wp-json\/wp\/v2\/media\/19956"}],"wp:attachment":[{"href":"https:\/\/sertv.gob.pa\/nacionalfm\/wp-json\/wp\/v2\/media?parent=19955"}],"wp:term":[{"taxonomy":"category","embeddable":true,"href":"https:\/\/sertv.gob.pa\/nacionalfm\/wp-json\/wp\/v2\/categories?post=19955"},{"taxonomy":"post_tag","embeddable":true,"href":"https:\/\/sertv.gob.pa\/nacionalfm\/wp-json\/wp\/v2\/tags?post=19955"}],"curies":[{"name":"wp","href":"https:\/\/api.w.org\/{rel}","templated":true}]}}