{"id":19957,"date":"2017-04-21T21:20:16","date_gmt":"2017-04-21T21:20:16","guid":{"rendered":""},"modified":"2017-04-21T21:20:16","modified_gmt":"2017-04-21T21:20:16","slug":"hija-de-panameno-espera-representar-a-panama-en-juegos-olimpicos","status":"publish","type":"post","link":"https:\/\/sertv.gob.pa\/nacionalfm\/hija-de-panameno-espera-representar-a-panama-en-juegos-olimpicos\/","title":{"rendered":"Hija de paname\u00f1o espera representar a Panam\u00e1 en juegos Ol\u00edmpicos"},"content":{"rendered":"<p>\nLa judoca Miryam Roper, hija de padre paname\u00f1o y madre alemana recibi\u00f3 el mes pasado su c\u00e9dula y pasaporte paname\u00f1o lo cual le permitir\u00e1 estar en el ciclo ol\u00edmpico que ya se encuentra en desarrollo hacia los Juegos Ol\u00edmpicos de tokyo, 2020. <\/p>\n<p>La atleta actualmente se encuentra entrenando entre Espa\u00f1a, Alemania y Holanda para representarnos\u00a0como paname\u00f1a en el pr\u00f3ximo Torneo Panamericano de Judo\u00a0 organizado por \u00a0Federaci\u00f3n Unida de Judo de Panam\u00e1 y quienes la han\u00a0 nominado para esta competencia <\/p>\n<p>La atleta, llegar\u00e1 a Panam\u00e1 el pr\u00f3ximo 21 de abril a las 4:00 p.m.\u00a0al Aeropuerto Internacional de Tocumen. <\/p>\n<p>\u00a0 <\/p>\n","protected":false},"excerpt":{"rendered":"<p>La judoca Miryam Roper, hija de padre paname\u00f1o y madre <a href=\"https:\/\/sertv.gob.pa\/nacionalfm\/hija-de-panameno-espera-representar-a-panama-en-juegos-olimpicos\/\"> [&#8230;]<\/a><\/p>\n","protected":false},"author":1,"featured_media":19958,"comment_status":"closed","ping_status":"closed","sticky":false,"template":"","format":"standard","meta":{"footnotes":""},"categories":[4],"tags":[],"class_list":["post-19957","post","type-post","status-publish","format-standard","has-post-thumbnail","hentry","category-deportes"],"_links":{"self":[{"href":"https:\/\/sertv.gob.pa\/nacionalfm\/wp-json\/wp\/v2\/posts\/19957","targetHints":{"allow":["GET"]}}],"collection":[{"href":"https:\/\/sertv.gob.pa\/nacionalfm\/wp-json\/wp\/v2\/posts"}],"about":[{"href":"https:\/\/sertv.gob.pa\/nacionalfm\/wp-json\/wp\/v2\/types\/post"}],"author":[{"embeddable":true,"href":"https:\/\/sertv.gob.pa\/nacionalfm\/wp-json\/wp\/v2\/users\/1"}],"replies":[{"embeddable":true,"href":"https:\/\/sertv.gob.pa\/nacionalfm\/wp-json\/wp\/v2\/comments?post=19957"}],"version-history":[{"count":0,"href":"https:\/\/sertv.gob.pa\/nacionalfm\/wp-json\/wp\/v2\/posts\/19957\/revisions"}],"wp:featuredmedia":[{"embeddable":true,"href":"https:\/\/sertv.gob.pa\/nacionalfm\/wp-json\/wp\/v2\/media\/19958"}],"wp:attachment":[{"href":"https:\/\/sertv.gob.pa\/nacionalfm\/wp-json\/wp\/v2\/media?parent=19957"}],"wp:term":[{"taxonomy":"category","embeddable":true,"href":"https:\/\/sertv.gob.pa\/nacionalfm\/wp-json\/wp\/v2\/categories?post=19957"},{"taxonomy":"post_tag","embeddable":true,"href":"https:\/\/sertv.gob.pa\/nacionalfm\/wp-json\/wp\/v2\/tags?post=19957"}],"curies":[{"name":"wp","href":"https:\/\/api.w.org\/{rel}","templated":true}]}}