{"id":19959,"date":"2017-04-21T21:38:58","date_gmt":"2017-04-21T21:38:58","guid":{"rendered":""},"modified":"2017-04-21T21:38:58","modified_gmt":"2017-04-21T21:38:58","slug":"corrales-inicia-trabajo-de-guanteo","status":"publish","type":"post","link":"https:\/\/sertv.gob.pa\/nacionalfm\/corrales-inicia-trabajo-de-guanteo\/","title":{"rendered":"Corrales inicia trabajo de guanteo"},"content":{"rendered":"<p>\nEl supercampe\u00f3n mundial superpluma de la Asociaci\u00f3n Mundial de Boxeo (AMB) Jezrrell &ldquo;El Invisible&rdquo; Corrales realiz\u00f3 la tarde de hoy su primera sesi\u00f3n de sparring de cara a su pr\u00f3ximo compromiso el cual ser\u00e1 bajo el sello de Golden Boy Promotions, para el mes de julio. <\/p>\n<p>Corrales realiz\u00f3 cuatro asaltos de sparring con su compa\u00f1ero de cuadra Jaime Mu\u00f1oz, bajo la atenta mirada de su entrenador Juan Mosquera. <\/p>\n<p>&ldquo;Me sent\u00ed bien para ser el primer guanteo que realizo desde que me prepar\u00e9 para mi pelea con Uchiyama y la verdad esto apenas comienza ya que el trabajo que viene ser\u00e1 m\u00e1s fuerte de lo que ha sido anteriormente, ya que firmar con Golden Boy me obliga a entrenar m\u00e1s duro, ya que quiero conquistar el mercado estadounidense&rdquo; manifest\u00f3 Corrales. <\/p>\n<p>Jezreel Corrales tiene registro de 21 victorias de las cuales 8 han sido por la v\u00eda r\u00e1pida y una sola derrota. <\/p>\n","protected":false},"excerpt":{"rendered":"<p>El supercampe\u00f3n mundial superpluma de la Asociaci\u00f3n Mundial de Boxeo <a href=\"https:\/\/sertv.gob.pa\/nacionalfm\/corrales-inicia-trabajo-de-guanteo\/\"> [&#8230;]<\/a><\/p>\n","protected":false},"author":1,"featured_media":19960,"comment_status":"closed","ping_status":"closed","sticky":false,"template":"","format":"standard","meta":{"footnotes":""},"categories":[4],"tags":[],"class_list":["post-19959","post","type-post","status-publish","format-standard","has-post-thumbnail","hentry","category-deportes"],"_links":{"self":[{"href":"https:\/\/sertv.gob.pa\/nacionalfm\/wp-json\/wp\/v2\/posts\/19959","targetHints":{"allow":["GET"]}}],"collection":[{"href":"https:\/\/sertv.gob.pa\/nacionalfm\/wp-json\/wp\/v2\/posts"}],"about":[{"href":"https:\/\/sertv.gob.pa\/nacionalfm\/wp-json\/wp\/v2\/types\/post"}],"author":[{"embeddable":true,"href":"https:\/\/sertv.gob.pa\/nacionalfm\/wp-json\/wp\/v2\/users\/1"}],"replies":[{"embeddable":true,"href":"https:\/\/sertv.gob.pa\/nacionalfm\/wp-json\/wp\/v2\/comments?post=19959"}],"version-history":[{"count":0,"href":"https:\/\/sertv.gob.pa\/nacionalfm\/wp-json\/wp\/v2\/posts\/19959\/revisions"}],"wp:featuredmedia":[{"embeddable":true,"href":"https:\/\/sertv.gob.pa\/nacionalfm\/wp-json\/wp\/v2\/media\/19960"}],"wp:attachment":[{"href":"https:\/\/sertv.gob.pa\/nacionalfm\/wp-json\/wp\/v2\/media?parent=19959"}],"wp:term":[{"taxonomy":"category","embeddable":true,"href":"https:\/\/sertv.gob.pa\/nacionalfm\/wp-json\/wp\/v2\/categories?post=19959"},{"taxonomy":"post_tag","embeddable":true,"href":"https:\/\/sertv.gob.pa\/nacionalfm\/wp-json\/wp\/v2\/tags?post=19959"}],"curies":[{"name":"wp","href":"https:\/\/api.w.org\/{rel}","templated":true}]}}