{"id":19967,"date":"2017-04-24T14:09:19","date_gmt":"2017-04-24T14:09:19","guid":{"rendered":""},"modified":"2017-04-24T14:09:19","modified_gmt":"2017-04-24T14:09:19","slug":"panama-comprometido-con-las-personas-con-capacidades-especiales","status":"publish","type":"post","link":"https:\/\/sertv.gob.pa\/nacionalfm\/panama-comprometido-con-las-personas-con-capacidades-especiales\/","title":{"rendered":"Panam\u00e1 comprometido con las personas con capacidades especiales"},"content":{"rendered":"<p>\nEl presidente de la Rep\u00fablica, Juan Carlos Varela, firm\u00f3 la  &ldquo;Declaraci\u00f3n   de Panam\u00e1&rdquo;,  en el marco del  Foro Internacional del Deporte   para el   Desarrollo .\u00a0 La Declaraci\u00f3n, confirma el compromiso del Estado paname\u00f1o, en destinar todos los recursos para proteger los derechos de las personas con capacidades especiales. <\/p>\n<p>Con este paso, el Gobierno, se compromete a apoyar la plena inclusi\u00f3n de las personas con discapacidades, en todos los aspectos de la sociedad y de apoyar al deporte como veh\u00edculo para mejorar la inclusi\u00f3n, y su papel fundamental para promover que estas personas gocen de todos los derechos humanos universales y libertades fundamentales. <\/p>\n<p>&ldquo;La Declaraci\u00f3n de Panam\u00e1, consolida el compromiso del Estado en seguir impulsando las pol\u00edticas p\u00fablicas dirigidas a mejorar la calidad de vida de cientos de personas que viven en todo el pa\u00eds con diferentes tipos de discapacidad, pronunci\u00f3 el Mandatario. <\/p>\n<p>El Informe Mundial sobre Discapacidad de la Organizaci\u00f3n Mundial de la Salud y el Banco Mundial, advierte, que en el mundo hay un bill\u00f3n de personas con discapacidad, al menos 200 millones sufren discapacidad intelectual y tambi\u00e9n existen muchas que a\u00fan no han sido contadas, lo que significa que no tienen acceso a oportunidades, se\u00f1al\u00f3 Claudia Echeverry, directora de Olimpiadas Especiales Am\u00e9rica latina. <\/p>\n<p>El presidente Varela, durante su intervenci\u00f3n en el Foro, expres\u00f3 sentirse honrado y al mismo tiempo comprometido a encontrar soluciones y alternativas para que todos los que sufren de una discapacidad gocen de sus derechos, que tengan acceso al deporte, a la educaci\u00f3n y a los servicios de salud. <\/p>\n<p>En tanto que Yolanda Eleta, presidenta de Olimpiadas Especiales Panam\u00e1, enfatiz\u00f3, que el Banco Interamericano de Desarrollo (BID), donar\u00e1 600 mil balboas a Olimpiadas Especiales Panam\u00e1, para que impulse un proyecto piloto dirigido a construir comunidades inclusivas, a trav\u00e9s del deporte. <\/p>\n<p>&ldquo;Vamos a trabajar con la Secretaria Nacional de Discapacidad y el Ministerio de Educaci\u00f3n, abordaremos la inclusi\u00f3n en todos los aspectos de manera integral&rdquo;, asever\u00f3 Eleta. <\/p>\n<p>Por otro lado, Nitzeida G\u00e1lvez, mensajera Global y atleta de Olimpiadas Especiales Panam\u00e1, durante su discurso, subray\u00f3, que esta organizaci\u00f3n es\u00a0m\u00e1s que un movimiento. <\/p>\n<p>&ldquo;Olimpiadas Especiales es mi familia, una familia que ha cambiado mi vida, ha sido la puerta para desarrollarme f\u00edsica e intelectualmente, para desarrollarme como un ser humano integral. En Olimpiadas Especiales nos motivan a desarrollar todo nuestro potencial para lograr realizar nuestros sue\u00f1os&rdquo;, exterioriz\u00f3. <\/p>\n<p>Durante el Foro Internacional del Deporte para el Desarrollo, que se efectu\u00f3 en el marco de los III Juegos Latinoamericanos de Olimpiadas Especiales, especialistas, autoridades y atletas analizaron la situaci\u00f3n que viven las personas con discapacidad con el objetivo de encontrar soluciones reales a los desaf\u00edos que enfrentan. <\/p>\n","protected":false},"excerpt":{"rendered":"<p>El presidente de la Rep\u00fablica, Juan Carlos Varela, firm\u00f3 la <a href=\"https:\/\/sertv.gob.pa\/nacionalfm\/panama-comprometido-con-las-personas-con-capacidades-especiales\/\"> [&#8230;]<\/a><\/p>\n","protected":false},"author":1,"featured_media":19968,"comment_status":"closed","ping_status":"closed","sticky":false,"template":"","format":"standard","meta":{"footnotes":""},"categories":[4],"tags":[],"class_list":["post-19967","post","type-post","status-publish","format-standard","has-post-thumbnail","hentry","category-deportes"],"_links":{"self":[{"href":"https:\/\/sertv.gob.pa\/nacionalfm\/wp-json\/wp\/v2\/posts\/19967","targetHints":{"allow":["GET"]}}],"collection":[{"href":"https:\/\/sertv.gob.pa\/nacionalfm\/wp-json\/wp\/v2\/posts"}],"about":[{"href":"https:\/\/sertv.gob.pa\/nacionalfm\/wp-json\/wp\/v2\/types\/post"}],"author":[{"embeddable":true,"href":"https:\/\/sertv.gob.pa\/nacionalfm\/wp-json\/wp\/v2\/users\/1"}],"replies":[{"embeddable":true,"href":"https:\/\/sertv.gob.pa\/nacionalfm\/wp-json\/wp\/v2\/comments?post=19967"}],"version-history":[{"count":0,"href":"https:\/\/sertv.gob.pa\/nacionalfm\/wp-json\/wp\/v2\/posts\/19967\/revisions"}],"wp:featuredmedia":[{"embeddable":true,"href":"https:\/\/sertv.gob.pa\/nacionalfm\/wp-json\/wp\/v2\/media\/19968"}],"wp:attachment":[{"href":"https:\/\/sertv.gob.pa\/nacionalfm\/wp-json\/wp\/v2\/media?parent=19967"}],"wp:term":[{"taxonomy":"category","embeddable":true,"href":"https:\/\/sertv.gob.pa\/nacionalfm\/wp-json\/wp\/v2\/categories?post=19967"},{"taxonomy":"post_tag","embeddable":true,"href":"https:\/\/sertv.gob.pa\/nacionalfm\/wp-json\/wp\/v2\/tags?post=19967"}],"curies":[{"name":"wp","href":"https:\/\/api.w.org\/{rel}","templated":true}]}}