{"id":19981,"date":"2017-04-24T16:38:45","date_gmt":"2017-04-24T16:38:45","guid":{"rendered":""},"modified":"2017-04-24T16:38:45","modified_gmt":"2017-04-24T16:38:45","slug":"finaliza-participacion-de-edgar-crespo-en-austria-con-buenos-cronos","status":"publish","type":"post","link":"https:\/\/sertv.gob.pa\/nacionalfm\/finaliza-participacion-de-edgar-crespo-en-austria-con-buenos-cronos\/","title":{"rendered":"Finaliza participaci\u00f3n de Edgar Crespo en Austria con buenos cronos"},"content":{"rendered":"<p>\nCon \u00e9xito culmin\u00f3 la participaci\u00f3n del nadador paname\u00f1o, Edgar Crespo, en el 0217 Str\u00f6ck ATUS Graz Trophy, que se efectu\u00f3 el pasado fin de semana en Graz, Austria. <\/p>\n<p>Crespo inici\u00f3 su participaci\u00f3n el viernes 21 de abril en los 100 metros pecho, logrando el primer lugar, haciendo entonar las notas del Himno Nacional de Panam\u00e1, en tierras austriacas, con un tiempo de 1:01.53. <\/p>\n<p>En los 50 metros pecho, el nadador paname\u00f1o se llev\u00f3 su segunda medalla, esta vez de plata, para Panam\u00e1 con un tiempo de 27.72. El sueco\u00a0Johannes Skagius se llev\u00f3 el oro con 27.46 y el eslovaco\u00a0Marek Bot\u00edk se llev\u00f3 el bronce con 28.26. <\/p>\n<p>En los 50 metros mariposa, Crespo ocup\u00f3 la octava posici\u00f3n con un tiempo de 25.39. En las preliminares, el atleta consigui\u00f3 su mejor marca personal en esta distancia con 25.31. <\/p>\n<p>Los tiempos realizados por Crespo en Austria, revalidar\u00edan nuevamente las Marcas Invitacionales (\u00abMarca B\u00bb) en los 50 y 100 metros pecho para el Campeonato Mundial de Nataci\u00f3n que se celebrar\u00e1 en Budapest, Hungr\u00eda en Julio de este a\u00f1o. <\/p>\n<p>Tambi\u00e9n, revalidar\u00eda una vez m\u00e1s los tiempos para el Campeonato Centroamericano y del Caribe (C.C.C.A.N) con la Marca Directa (&ldquo;Marca A&rdquo;) en los 50 y 100 metros pecho y los 50 metros mariposa. Para este campeonato, el paname\u00f1o estar\u00eda clasificado en 5 eventos: 50, 100 y 200 metros pecho como tambi\u00e9n 50 y 100 metros mariposa. <\/p>\n<p>Despu\u00e9s de culminado el evento (los III Juegos Latinoamericanos de Olimpiadas Especiales), el trit\u00f3n paname\u00f1o volver\u00e1, el s\u00e1bado 29 de Abril, a Austria para continuar con sus estudios y entrenamientos. <\/p>\n<p>\u00a0 <\/p>\n<p>\u00a0 <\/p>\n<p>\u00a0 <\/p>\n<p>\u00a0 <\/p>\n<p>\u00a0 <\/p>\n","protected":false},"excerpt":{"rendered":"<p>Con \u00e9xito culmin\u00f3 la participaci\u00f3n del nadador paname\u00f1o, Edgar Crespo, <a href=\"https:\/\/sertv.gob.pa\/nacionalfm\/finaliza-participacion-de-edgar-crespo-en-austria-con-buenos-cronos\/\"> [&#8230;]<\/a><\/p>\n","protected":false},"author":1,"featured_media":19982,"comment_status":"closed","ping_status":"closed","sticky":false,"template":"","format":"standard","meta":{"footnotes":""},"categories":[4],"tags":[],"class_list":["post-19981","post","type-post","status-publish","format-standard","has-post-thumbnail","hentry","category-deportes"],"_links":{"self":[{"href":"https:\/\/sertv.gob.pa\/nacionalfm\/wp-json\/wp\/v2\/posts\/19981","targetHints":{"allow":["GET"]}}],"collection":[{"href":"https:\/\/sertv.gob.pa\/nacionalfm\/wp-json\/wp\/v2\/posts"}],"about":[{"href":"https:\/\/sertv.gob.pa\/nacionalfm\/wp-json\/wp\/v2\/types\/post"}],"author":[{"embeddable":true,"href":"https:\/\/sertv.gob.pa\/nacionalfm\/wp-json\/wp\/v2\/users\/1"}],"replies":[{"embeddable":true,"href":"https:\/\/sertv.gob.pa\/nacionalfm\/wp-json\/wp\/v2\/comments?post=19981"}],"version-history":[{"count":0,"href":"https:\/\/sertv.gob.pa\/nacionalfm\/wp-json\/wp\/v2\/posts\/19981\/revisions"}],"wp:featuredmedia":[{"embeddable":true,"href":"https:\/\/sertv.gob.pa\/nacionalfm\/wp-json\/wp\/v2\/media\/19982"}],"wp:attachment":[{"href":"https:\/\/sertv.gob.pa\/nacionalfm\/wp-json\/wp\/v2\/media?parent=19981"}],"wp:term":[{"taxonomy":"category","embeddable":true,"href":"https:\/\/sertv.gob.pa\/nacionalfm\/wp-json\/wp\/v2\/categories?post=19981"},{"taxonomy":"post_tag","embeddable":true,"href":"https:\/\/sertv.gob.pa\/nacionalfm\/wp-json\/wp\/v2\/tags?post=19981"}],"curies":[{"name":"wp","href":"https:\/\/api.w.org\/{rel}","templated":true}]}}