{"id":19988,"date":"2017-04-24T17:52:49","date_gmt":"2017-04-24T17:52:49","guid":{"rendered":""},"modified":"2017-04-24T17:52:49","modified_gmt":"2017-04-24T17:52:49","slug":"la-primera-vacuna-contra-la-malaria-sera-probada-en-africa","status":"publish","type":"post","link":"https:\/\/sertv.gob.pa\/nacionalfm\/la-primera-vacuna-contra-la-malaria-sera-probada-en-africa\/","title":{"rendered":"La primera vacuna contra la malaria ser\u00e1 probada en \u00c1frica"},"content":{"rendered":"<p>\nGhana, Kenia y Malaui administrar\u00e1n a partir de 2018 en su territorio la primera vacuna contra la malaria, en un programa piloto in\u00e9dito que se aplicar\u00e1 a ni\u00f1os de entre 5 y 17 meses, seg\u00fan anunci\u00f3 \u00a0la Oficina Regional para \u00c1frica de la Organizaci\u00f3n Mundial de la Salud (OMS). <\/p>\n<p>\u00abLa informaci\u00f3n obtenida en este programa piloto nos ayudar\u00e1 a tomar decisiones para extender el uso de esta vacuna\u00bb, declar\u00f3 Matshidiso Moeti, directora regional para \u00c1frica de la OMS en un acto realizado en Nairobi con motivo del D\u00eda Mundial de la Malaria, que se celebra ma\u00f1ana. <\/p>\n<p>\u00abCombinada con las medidas que ya existen contra la malaria, una vacuna as\u00ed tendr\u00eda potencial para salvar decenas de miles de vidas en \u00c1frica\u00bb, a\u00f1adi\u00f3 Moeti, <\/p>\n<p>La malaria fue la causa de la muerte en 2015 de unas 429.000 personas, la mayor\u00eda de ellos ni\u00f1os nacidos en \u00c1frica, y hubo 212 millones de casos, seg\u00fan datos de la OMS. <\/p>\n<p>Los esfuerzos contra la enfermedad han reducido las muertes por malaria en un 62% en los \u00faltimos 15 a\u00f1os, seg\u00fan un comunicado de la OMS. <\/p>\n<p>La primera vacuna contra la malaria ha sido desarrollada y testada por la empresa GSK con el apoyo de la Fundaci\u00f3n Bill y Melinda Gates durante m\u00e1s de 8 a\u00f1os en siete pa\u00edses africanos, entre los que se cuentan Ghana, Kenia y Malaui. <\/p>\n<p>Estos tres pa\u00edses han sido elegidos para llevar a cabo el programa piloto de prueba a gran escala debido a su cumplimiento de otros criterios de la OMS en la lucha contra la malaria. <\/p>\n<p>Ghana, Kenia y Malaui tienen un uso generalizado de redes antimosquitos en su territorio, adem\u00e1s de programas de inmunizaci\u00f3n adecuados contra el virus y una incidencia de la enfermedad lo suficientemente elevada como para que los resultados sean representativos. <\/p>\n<p>Cada uno de los tres pa\u00edses decidir\u00e1 en las zonas en que administrar\u00e1 la vacuna.\u00a0 <\/p>\n<p>\u00a0 <\/p>\n","protected":false},"excerpt":{"rendered":"<p>Ghana, Kenia y Malaui administrar\u00e1n a partir de 2018 en <a href=\"https:\/\/sertv.gob.pa\/nacionalfm\/la-primera-vacuna-contra-la-malaria-sera-probada-en-africa\/\"> [&#8230;]<\/a><\/p>\n","protected":false},"author":1,"featured_media":19989,"comment_status":"closed","ping_status":"closed","sticky":false,"template":"","format":"standard","meta":{"footnotes":""},"categories":[5],"tags":[],"class_list":["post-19988","post","type-post","status-publish","format-standard","has-post-thumbnail","hentry","category-salud"],"_links":{"self":[{"href":"https:\/\/sertv.gob.pa\/nacionalfm\/wp-json\/wp\/v2\/posts\/19988","targetHints":{"allow":["GET"]}}],"collection":[{"href":"https:\/\/sertv.gob.pa\/nacionalfm\/wp-json\/wp\/v2\/posts"}],"about":[{"href":"https:\/\/sertv.gob.pa\/nacionalfm\/wp-json\/wp\/v2\/types\/post"}],"author":[{"embeddable":true,"href":"https:\/\/sertv.gob.pa\/nacionalfm\/wp-json\/wp\/v2\/users\/1"}],"replies":[{"embeddable":true,"href":"https:\/\/sertv.gob.pa\/nacionalfm\/wp-json\/wp\/v2\/comments?post=19988"}],"version-history":[{"count":0,"href":"https:\/\/sertv.gob.pa\/nacionalfm\/wp-json\/wp\/v2\/posts\/19988\/revisions"}],"wp:featuredmedia":[{"embeddable":true,"href":"https:\/\/sertv.gob.pa\/nacionalfm\/wp-json\/wp\/v2\/media\/19989"}],"wp:attachment":[{"href":"https:\/\/sertv.gob.pa\/nacionalfm\/wp-json\/wp\/v2\/media?parent=19988"}],"wp:term":[{"taxonomy":"category","embeddable":true,"href":"https:\/\/sertv.gob.pa\/nacionalfm\/wp-json\/wp\/v2\/categories?post=19988"},{"taxonomy":"post_tag","embeddable":true,"href":"https:\/\/sertv.gob.pa\/nacionalfm\/wp-json\/wp\/v2\/tags?post=19988"}],"curies":[{"name":"wp","href":"https:\/\/api.w.org\/{rel}","templated":true}]}}