{"id":19994,"date":"2017-04-24T19:07:13","date_gmt":"2017-04-24T19:07:13","guid":{"rendered":""},"modified":"2017-04-24T19:07:13","modified_gmt":"2017-04-24T19:07:13","slug":"arabe-unido-y-el-tauro-empatan-en-la-xvi-jornada-del-clausura-de-la-lpf","status":"publish","type":"post","link":"https:\/\/sertv.gob.pa\/nacionalfm\/arabe-unido-y-el-tauro-empatan-en-la-xvi-jornada-del-clausura-de-la-lpf\/","title":{"rendered":"\u00c1rabe Unido y el Tauro empatan en la XVI jornada del Clausura de la LPF"},"content":{"rendered":"<p>\nSin goles empataron el Tauro y el \u00c1rabe Unido en el estadio Oscar Suman Carrillo de la Universidad de Panam\u00e1, en partido correspondiente a la decimosexta jornada del Clausura 2017 de la Liga Paname\u00f1a de F\u00fatbol. <\/p>\n<p>Este fue el cuarto partido consecutivo sin victoria ni goles a favor para los taurinos y por esto cayeron al tercer puesto de la tabla con 25 unidades, mientras que el empate dej\u00f3 al &lsquo;Expreso Azul&rsquo; como quinto de la clasificaci\u00f3n con 22 puntos. <\/p>\n<p>La pr\u00f3xima jornada el Tauro visitar\u00e1 al San Francisco FC y en la \u00faltima fecha recibir\u00e1 al Atl\u00e9tico Verag\u00fcense. El \u00c1rabe, por su parte, recibir\u00e1 al Alianza FC este fin de semana y cerrar\u00e1 la ronda regular ante Santa Gema FC en La Chorrera. <\/p>\n<p>\u00a0 \u00a0 \u00a0 \u00a0 \u00a0 \u00a0 \u00a0 \u00a0 \u00a0 \u00a0 \u00a0 \u00a0 \u00a0 \u00a0 \u00a0 \u00a0 \u00a0 \u00a0 \u00a0 \u00a0 \u00a0 \u00a0 \u00a0 \u00a0 \u00a0\u00a0 <\/p>\n","protected":false},"excerpt":{"rendered":"<p>Sin goles empataron el Tauro y el \u00c1rabe Unido en <a href=\"https:\/\/sertv.gob.pa\/nacionalfm\/arabe-unido-y-el-tauro-empatan-en-la-xvi-jornada-del-clausura-de-la-lpf\/\"> [&#8230;]<\/a><\/p>\n","protected":false},"author":1,"featured_media":19995,"comment_status":"closed","ping_status":"closed","sticky":false,"template":"","format":"standard","meta":{"footnotes":""},"categories":[4],"tags":[],"class_list":["post-19994","post","type-post","status-publish","format-standard","has-post-thumbnail","hentry","category-deportes"],"_links":{"self":[{"href":"https:\/\/sertv.gob.pa\/nacionalfm\/wp-json\/wp\/v2\/posts\/19994","targetHints":{"allow":["GET"]}}],"collection":[{"href":"https:\/\/sertv.gob.pa\/nacionalfm\/wp-json\/wp\/v2\/posts"}],"about":[{"href":"https:\/\/sertv.gob.pa\/nacionalfm\/wp-json\/wp\/v2\/types\/post"}],"author":[{"embeddable":true,"href":"https:\/\/sertv.gob.pa\/nacionalfm\/wp-json\/wp\/v2\/users\/1"}],"replies":[{"embeddable":true,"href":"https:\/\/sertv.gob.pa\/nacionalfm\/wp-json\/wp\/v2\/comments?post=19994"}],"version-history":[{"count":0,"href":"https:\/\/sertv.gob.pa\/nacionalfm\/wp-json\/wp\/v2\/posts\/19994\/revisions"}],"wp:featuredmedia":[{"embeddable":true,"href":"https:\/\/sertv.gob.pa\/nacionalfm\/wp-json\/wp\/v2\/media\/19995"}],"wp:attachment":[{"href":"https:\/\/sertv.gob.pa\/nacionalfm\/wp-json\/wp\/v2\/media?parent=19994"}],"wp:term":[{"taxonomy":"category","embeddable":true,"href":"https:\/\/sertv.gob.pa\/nacionalfm\/wp-json\/wp\/v2\/categories?post=19994"},{"taxonomy":"post_tag","embeddable":true,"href":"https:\/\/sertv.gob.pa\/nacionalfm\/wp-json\/wp\/v2\/tags?post=19994"}],"curies":[{"name":"wp","href":"https:\/\/api.w.org\/{rel}","templated":true}]}}