{"id":19998,"date":"2017-04-24T19:33:58","date_gmt":"2017-04-24T19:33:58","guid":{"rendered":""},"modified":"2017-04-24T19:33:58","modified_gmt":"2017-04-24T19:33:58","slug":"san-miguelito-y-el-alianza-se-mantienen-en-la-pelea-de-la-lpf","status":"publish","type":"post","link":"https:\/\/sertv.gob.pa\/nacionalfm\/san-miguelito-y-el-alianza-se-mantienen-en-la-pelea-de-la-lpf\/","title":{"rendered":"San Miguelito y el Alianza  se mantienen en la pelea de la LPF"},"content":{"rendered":"<p>\nEl Sporting San Miguelito venci\u00f3 al ya primero Plaza Amador por marcador de 1-2 en el Oscar Suman Carrillo , y el Alianza por su parte venci\u00f3 0-1 al Santa Gema de la Chorrera en Agust\u00edn &ldquo;Muquita&rdquo; S\u00e1nchez de la Chorrera, y estos resultados \u00a0dejan al Sporting en el sexto puesto de la tabla con 19 unidades y al Alianza en el s\u00e9ptimo tambi\u00e9n con 19. <\/p>\n<p>Atl\u00e9tico Nacional y Chorrillo FC ser\u00e1n los \u00faltimos dos rivales del Sporting SM, mientras que \u00c1rabe Unido y San Francisco FC ser\u00e1n los del Alianza FC. <\/p>\n<p>\u00a0 <\/p>\n","protected":false},"excerpt":{"rendered":"<p>El Sporting San Miguelito venci\u00f3 al ya primero Plaza Amador <a href=\"https:\/\/sertv.gob.pa\/nacionalfm\/san-miguelito-y-el-alianza-se-mantienen-en-la-pelea-de-la-lpf\/\"> [&#8230;]<\/a><\/p>\n","protected":false},"author":1,"featured_media":19999,"comment_status":"closed","ping_status":"closed","sticky":false,"template":"","format":"standard","meta":{"footnotes":""},"categories":[4],"tags":[],"class_list":["post-19998","post","type-post","status-publish","format-standard","has-post-thumbnail","hentry","category-deportes"],"_links":{"self":[{"href":"https:\/\/sertv.gob.pa\/nacionalfm\/wp-json\/wp\/v2\/posts\/19998","targetHints":{"allow":["GET"]}}],"collection":[{"href":"https:\/\/sertv.gob.pa\/nacionalfm\/wp-json\/wp\/v2\/posts"}],"about":[{"href":"https:\/\/sertv.gob.pa\/nacionalfm\/wp-json\/wp\/v2\/types\/post"}],"author":[{"embeddable":true,"href":"https:\/\/sertv.gob.pa\/nacionalfm\/wp-json\/wp\/v2\/users\/1"}],"replies":[{"embeddable":true,"href":"https:\/\/sertv.gob.pa\/nacionalfm\/wp-json\/wp\/v2\/comments?post=19998"}],"version-history":[{"count":0,"href":"https:\/\/sertv.gob.pa\/nacionalfm\/wp-json\/wp\/v2\/posts\/19998\/revisions"}],"wp:featuredmedia":[{"embeddable":true,"href":"https:\/\/sertv.gob.pa\/nacionalfm\/wp-json\/wp\/v2\/media\/19999"}],"wp:attachment":[{"href":"https:\/\/sertv.gob.pa\/nacionalfm\/wp-json\/wp\/v2\/media?parent=19998"}],"wp:term":[{"taxonomy":"category","embeddable":true,"href":"https:\/\/sertv.gob.pa\/nacionalfm\/wp-json\/wp\/v2\/categories?post=19998"},{"taxonomy":"post_tag","embeddable":true,"href":"https:\/\/sertv.gob.pa\/nacionalfm\/wp-json\/wp\/v2\/tags?post=19998"}],"curies":[{"name":"wp","href":"https:\/\/api.w.org\/{rel}","templated":true}]}}