{"id":20000,"date":"2017-04-24T20:45:26","date_gmt":"2017-04-24T20:45:26","guid":{"rendered":""},"modified":"2017-04-24T20:45:26","modified_gmt":"2017-04-24T20:45:26","slug":"ecuador-y-paraguay-con-las-primeras-medallas-de-oro","status":"publish","type":"post","link":"https:\/\/sertv.gob.pa\/nacionalfm\/ecuador-y-paraguay-con-las-primeras-medallas-de-oro\/","title":{"rendered":"Ecuador y Paraguay con las primeras medallas de Oro"},"content":{"rendered":"<p>\nLas primeras medallas de oro en el atletismo en estos III Juegos Latinoamericanos de Olimpiadas Especiales que se realizan en Panam\u00e1, fueron logradas por Ecuador y Paraguay en la primera jornada en la pista del estadio Rommel Fern\u00e1ndez. <\/p>\n<p>El ecuatoriano Juan Pugo con tiempo de 17 minutos, 25 segundos y 85 cent\u00e9simas y la paraguaya Isabelina Gonz\u00e1lez con registro de 21:36.59 se impusieron en la prueba de los 5 mil metros planos, siendo la \u00fanica final disputada en la apertura de las pruebas atl\u00e9ticas. <\/p>\n<p>Pugo fue escoltado por Juan Segnini de Costa Rica al parar el cron\u00f3metro en 21:36.59, siendo los \u00fanicos competidores en esta exigente carrera. <\/p>\n<p>Gonz\u00e1lez fue secundada para la plata por la tambi\u00e9n paraguaya M\u00f3nica Prieto con tiempo de 22:16.11 y el bronce para la hondure\u00f1a Gloria Matute, quien registr\u00f3 25:37.04. <\/p>\n","protected":false},"excerpt":{"rendered":"<p>Las primeras medallas de oro en el atletismo en estos <a href=\"https:\/\/sertv.gob.pa\/nacionalfm\/ecuador-y-paraguay-con-las-primeras-medallas-de-oro\/\"> [&#8230;]<\/a><\/p>\n","protected":false},"author":1,"featured_media":20001,"comment_status":"closed","ping_status":"closed","sticky":false,"template":"","format":"standard","meta":{"footnotes":""},"categories":[4],"tags":[],"class_list":["post-20000","post","type-post","status-publish","format-standard","has-post-thumbnail","hentry","category-deportes"],"_links":{"self":[{"href":"https:\/\/sertv.gob.pa\/nacionalfm\/wp-json\/wp\/v2\/posts\/20000","targetHints":{"allow":["GET"]}}],"collection":[{"href":"https:\/\/sertv.gob.pa\/nacionalfm\/wp-json\/wp\/v2\/posts"}],"about":[{"href":"https:\/\/sertv.gob.pa\/nacionalfm\/wp-json\/wp\/v2\/types\/post"}],"author":[{"embeddable":true,"href":"https:\/\/sertv.gob.pa\/nacionalfm\/wp-json\/wp\/v2\/users\/1"}],"replies":[{"embeddable":true,"href":"https:\/\/sertv.gob.pa\/nacionalfm\/wp-json\/wp\/v2\/comments?post=20000"}],"version-history":[{"count":0,"href":"https:\/\/sertv.gob.pa\/nacionalfm\/wp-json\/wp\/v2\/posts\/20000\/revisions"}],"wp:featuredmedia":[{"embeddable":true,"href":"https:\/\/sertv.gob.pa\/nacionalfm\/wp-json\/wp\/v2\/media\/20001"}],"wp:attachment":[{"href":"https:\/\/sertv.gob.pa\/nacionalfm\/wp-json\/wp\/v2\/media?parent=20000"}],"wp:term":[{"taxonomy":"category","embeddable":true,"href":"https:\/\/sertv.gob.pa\/nacionalfm\/wp-json\/wp\/v2\/categories?post=20000"},{"taxonomy":"post_tag","embeddable":true,"href":"https:\/\/sertv.gob.pa\/nacionalfm\/wp-json\/wp\/v2\/tags?post=20000"}],"curies":[{"name":"wp","href":"https:\/\/api.w.org\/{rel}","templated":true}]}}