{"id":20030,"date":"2017-04-25T18:04:22","date_gmt":"2017-04-25T18:04:22","guid":{"rendered":""},"modified":"2017-04-25T18:04:22","modified_gmt":"2017-04-25T18:04:22","slug":"mucosidad-severa-por-inflamacion-padece-matematico-nunez","status":"publish","type":"post","link":"https:\/\/sertv.gob.pa\/nacionalfm\/mucosidad-severa-por-inflamacion-padece-matematico-nunez\/","title":{"rendered":"Mucosidad Severa por Inflamaci\u00f3n padece \u201cMatem\u00e1tico\u201dN\u00fa\u00f1ez"},"content":{"rendered":"<p>\nCon una mucosidad severa por inflamaci\u00f3n, el diagn\u00f3stico m\u00e9dico, que le impide la respiraci\u00f3n normal, fue el diagn\u00f3stico del boxeador chorrerano Ricardo &ldquo;El Matem\u00e1tico&rdquo; N\u00fa\u00f1ez que lo priv\u00f3 de cumplir su compromiso reciente ante el venezolano Renso Robles con un r\u00e9cord de 8 victorias, 2 derrotas con 3 ganadas por la v\u00eda r\u00e1pida. <\/p>\n<p>As\u00ed lo inform\u00f3 a trav\u00e9s de la nota de prensa el promotor paname\u00f1o Francisco Cornejo, de la empresa Cornejo Producciones. <\/p>\n<p>Agreg\u00f3 tambi\u00e9n que el m\u00e9dico orden\u00f3 hacerle al &lsquo;Matem\u00e1tico&#8217; N\u00fa\u00f1ez un electrocardiograma, una radiograf\u00eda pulmonar y le recet\u00f3 jarabe expectorante para atender inmediatamente la molestia. Adem\u00e1s le dio una incapacidad de dos semanas al paciente. <\/p>\n<p>N\u00fa\u00f1ez ten\u00eda programado pelear este viernes 28 de abril ante el venezolano Renson Robles (8-2-0, 3 KO), pero debido a que tiene problemas respiratorios se cancel\u00f3 la funci\u00f3n box\u00edstica. <\/p>\n<p>\u00a0 <\/p>\n","protected":false},"excerpt":{"rendered":"<p>Con una mucosidad severa por inflamaci\u00f3n, el diagn\u00f3stico m\u00e9dico, que <a href=\"https:\/\/sertv.gob.pa\/nacionalfm\/mucosidad-severa-por-inflamacion-padece-matematico-nunez\/\"> [&#8230;]<\/a><\/p>\n","protected":false},"author":1,"featured_media":20031,"comment_status":"closed","ping_status":"closed","sticky":false,"template":"","format":"standard","meta":{"footnotes":""},"categories":[4],"tags":[],"class_list":["post-20030","post","type-post","status-publish","format-standard","has-post-thumbnail","hentry","category-deportes"],"_links":{"self":[{"href":"https:\/\/sertv.gob.pa\/nacionalfm\/wp-json\/wp\/v2\/posts\/20030","targetHints":{"allow":["GET"]}}],"collection":[{"href":"https:\/\/sertv.gob.pa\/nacionalfm\/wp-json\/wp\/v2\/posts"}],"about":[{"href":"https:\/\/sertv.gob.pa\/nacionalfm\/wp-json\/wp\/v2\/types\/post"}],"author":[{"embeddable":true,"href":"https:\/\/sertv.gob.pa\/nacionalfm\/wp-json\/wp\/v2\/users\/1"}],"replies":[{"embeddable":true,"href":"https:\/\/sertv.gob.pa\/nacionalfm\/wp-json\/wp\/v2\/comments?post=20030"}],"version-history":[{"count":0,"href":"https:\/\/sertv.gob.pa\/nacionalfm\/wp-json\/wp\/v2\/posts\/20030\/revisions"}],"wp:featuredmedia":[{"embeddable":true,"href":"https:\/\/sertv.gob.pa\/nacionalfm\/wp-json\/wp\/v2\/media\/20031"}],"wp:attachment":[{"href":"https:\/\/sertv.gob.pa\/nacionalfm\/wp-json\/wp\/v2\/media?parent=20030"}],"wp:term":[{"taxonomy":"category","embeddable":true,"href":"https:\/\/sertv.gob.pa\/nacionalfm\/wp-json\/wp\/v2\/categories?post=20030"},{"taxonomy":"post_tag","embeddable":true,"href":"https:\/\/sertv.gob.pa\/nacionalfm\/wp-json\/wp\/v2\/tags?post=20030"}],"curies":[{"name":"wp","href":"https:\/\/api.w.org\/{rel}","templated":true}]}}