{"id":20046,"date":"2017-04-26T15:41:47","date_gmt":"2017-04-26T15:41:47","guid":{"rendered":""},"modified":"2017-04-26T15:41:47","modified_gmt":"2017-04-26T15:41:47","slug":"colon-inicia-con-buen-pie-en-la-serie-final-de-beisbol-mayor","status":"publish","type":"post","link":"https:\/\/sertv.gob.pa\/nacionalfm\/colon-inicia-con-buen-pie-en-la-serie-final-de-beisbol-mayor\/","title":{"rendered":"Col\u00f3n inicia con buen pie en la Serie Final de B\u00e9isbol Mayor"},"content":{"rendered":"<p>\n13 carreras por 10 venci\u00f3 Col\u00f3n a Chiriqu\u00ed, para iniciar con buen pie la Serie Final del Campeonato Nacional de B\u00e9isbol Mayor, dedicado al profesor Emilio Castro en partido celebrado en el estadio Carlos Alvarado Mazola. <\/p>\n<p>Fue un partido de pura ofensiva en el que se pegaron 32 imparables y se anotaron 23 carreras. <\/p>\n<p>Alexander Morales se apunt\u00f3 la victoria y Andy Otero carg\u00f3 con la derrota. <\/p>\n<p>El duelo tiene hoy d\u00eda libre y se reanuda ma\u00f1ana en el estadio Mariano Bula. Estar\u00e1n en el mont\u00edculo para ese juego Davis Romero por Col\u00f3n y Antonio Cuan por los chiricanos. <\/p>\n","protected":false},"excerpt":{"rendered":"<p>13 carreras por 10 venci\u00f3 Col\u00f3n a Chiriqu\u00ed, para iniciar <a href=\"https:\/\/sertv.gob.pa\/nacionalfm\/colon-inicia-con-buen-pie-en-la-serie-final-de-beisbol-mayor\/\"> [&#8230;]<\/a><\/p>\n","protected":false},"author":1,"featured_media":20047,"comment_status":"closed","ping_status":"closed","sticky":false,"template":"","format":"standard","meta":{"footnotes":""},"categories":[4],"tags":[],"class_list":["post-20046","post","type-post","status-publish","format-standard","has-post-thumbnail","hentry","category-deportes"],"_links":{"self":[{"href":"https:\/\/sertv.gob.pa\/nacionalfm\/wp-json\/wp\/v2\/posts\/20046","targetHints":{"allow":["GET"]}}],"collection":[{"href":"https:\/\/sertv.gob.pa\/nacionalfm\/wp-json\/wp\/v2\/posts"}],"about":[{"href":"https:\/\/sertv.gob.pa\/nacionalfm\/wp-json\/wp\/v2\/types\/post"}],"author":[{"embeddable":true,"href":"https:\/\/sertv.gob.pa\/nacionalfm\/wp-json\/wp\/v2\/users\/1"}],"replies":[{"embeddable":true,"href":"https:\/\/sertv.gob.pa\/nacionalfm\/wp-json\/wp\/v2\/comments?post=20046"}],"version-history":[{"count":0,"href":"https:\/\/sertv.gob.pa\/nacionalfm\/wp-json\/wp\/v2\/posts\/20046\/revisions"}],"wp:featuredmedia":[{"embeddable":true,"href":"https:\/\/sertv.gob.pa\/nacionalfm\/wp-json\/wp\/v2\/media\/20047"}],"wp:attachment":[{"href":"https:\/\/sertv.gob.pa\/nacionalfm\/wp-json\/wp\/v2\/media?parent=20046"}],"wp:term":[{"taxonomy":"category","embeddable":true,"href":"https:\/\/sertv.gob.pa\/nacionalfm\/wp-json\/wp\/v2\/categories?post=20046"},{"taxonomy":"post_tag","embeddable":true,"href":"https:\/\/sertv.gob.pa\/nacionalfm\/wp-json\/wp\/v2\/tags?post=20046"}],"curies":[{"name":"wp","href":"https:\/\/api.w.org\/{rel}","templated":true}]}}