{"id":2006,"date":"2014-10-11T05:00:00","date_gmt":"2014-10-11T05:00:00","guid":{"rendered":""},"modified":"2014-10-11T05:00:00","modified_gmt":"2014-10-11T05:00:00","slug":"terapia-mejora-blanqueo-de-piel-en-pacientes-con-psoriasis","status":"publish","type":"post","link":"https:\/\/sertv.gob.pa\/nacionalfm\/terapia-mejora-blanqueo-de-piel-en-pacientes-con-psoriasis\/","title":{"rendered":"Terapia mejora blanqueo de piel en pacientes con psoriasis"},"content":{"rendered":"<p>\n Un estudio presentado en el Congreso Europeo de Dermatolog\u00eda, que tiene lugar en Amsterdam, demuestra la eficacia de una nueva terapia para blanquear la piel de los pacientes con psoriasis.  <\/p>\n<p>La psoriasis es una enfermedad dermatol\u00f3gica cr\u00f3nica incurable, que afecta a unos 125 millones de personas en el mundo, un 3% de la poblaci\u00f3n. <\/p>\n<p> Sus s\u00edntomas son engrosamiento y enrojecimiento de la piel, escamas, prurito y dolor; el 75 por ciento de los afectados se siente poco atractivo y el 54 por ciento sufre depresi\u00f3n.  <\/p>\n<p>Los s\u00edntomas dolorosos limitan la capacidad de los pacientes con esta patolog\u00eda para efectuar actividades cotidianas y afectan a sus relaciones sociales. <\/p>\n<p> Seg\u00fan se\u00f1alan especialistas en dermatolog\u00eda, los efectos de la psoriasis en la calidad de vida del paciente son similares al c\u00e1ncer, la cardiopat\u00eda, la artritis, la diabetes tipo II y la depresi\u00f3n.  <\/p>\n<p>\u00a0 <\/p>\n<p>\u00a0 <\/p>\n","protected":false},"excerpt":{"rendered":"<p>Un estudio presentado en el Congreso Europeo de Dermatolog\u00eda, que <a href=\"https:\/\/sertv.gob.pa\/nacionalfm\/terapia-mejora-blanqueo-de-piel-en-pacientes-con-psoriasis\/\"> [&#8230;]<\/a><\/p>\n","protected":false},"author":1,"featured_media":2007,"comment_status":"closed","ping_status":"closed","sticky":false,"template":"","format":"standard","meta":{"footnotes":""},"categories":[5],"tags":[],"class_list":["post-2006","post","type-post","status-publish","format-standard","has-post-thumbnail","hentry","category-salud"],"_links":{"self":[{"href":"https:\/\/sertv.gob.pa\/nacionalfm\/wp-json\/wp\/v2\/posts\/2006","targetHints":{"allow":["GET"]}}],"collection":[{"href":"https:\/\/sertv.gob.pa\/nacionalfm\/wp-json\/wp\/v2\/posts"}],"about":[{"href":"https:\/\/sertv.gob.pa\/nacionalfm\/wp-json\/wp\/v2\/types\/post"}],"author":[{"embeddable":true,"href":"https:\/\/sertv.gob.pa\/nacionalfm\/wp-json\/wp\/v2\/users\/1"}],"replies":[{"embeddable":true,"href":"https:\/\/sertv.gob.pa\/nacionalfm\/wp-json\/wp\/v2\/comments?post=2006"}],"version-history":[{"count":0,"href":"https:\/\/sertv.gob.pa\/nacionalfm\/wp-json\/wp\/v2\/posts\/2006\/revisions"}],"wp:featuredmedia":[{"embeddable":true,"href":"https:\/\/sertv.gob.pa\/nacionalfm\/wp-json\/wp\/v2\/media\/2007"}],"wp:attachment":[{"href":"https:\/\/sertv.gob.pa\/nacionalfm\/wp-json\/wp\/v2\/media?parent=2006"}],"wp:term":[{"taxonomy":"category","embeddable":true,"href":"https:\/\/sertv.gob.pa\/nacionalfm\/wp-json\/wp\/v2\/categories?post=2006"},{"taxonomy":"post_tag","embeddable":true,"href":"https:\/\/sertv.gob.pa\/nacionalfm\/wp-json\/wp\/v2\/tags?post=2006"}],"curies":[{"name":"wp","href":"https:\/\/api.w.org\/{rel}","templated":true}]}}