{"id":20062,"date":"2017-04-26T18:02:59","date_gmt":"2017-04-26T18:02:59","guid":{"rendered":""},"modified":"2017-04-26T18:02:59","modified_gmt":"2017-04-26T18:02:59","slug":"dia-internacional-de-conciencia-sobre-el-ruido-en-la-salud","status":"publish","type":"post","link":"https:\/\/sertv.gob.pa\/nacionalfm\/dia-internacional-de-conciencia-sobre-el-ruido-en-la-salud\/","title":{"rendered":"D\u00eda internacional de conciencia sobre el ruido en la salud"},"content":{"rendered":"<p>\nNo s\u00f3lo los altos niveles de ruidos propios de la ciudad afectan. El nivel de ruido en los hogares igualmente tiene un enorme impacto en el estado de bienestar de la persona e incluso puede causar p\u00e9rdida auditiva. <\/p>\n<p>El ruido en el hogar tiene variadas fuentes. El tr\u00e1fico externo, los vecinos, hijos adolescentes. En un mundo lleno de consolas y ordenadores, la amenaza a la audici\u00f3n est\u00e1 en todo lugar. <\/p>\n<p>En este sentido y con motivo de la celebraci\u00f3n del D\u00eda Internacional de Conciencia sobre el Ruido, a celebrarse hoy 26 de abril, Analida Pitty Ceballos, Fonoaudi\u00f3loga de la Fundaci\u00f3n O\u00edr Es Vivir explica que &lsquo;el \u00f3rgano auditivo es uno de los m\u00e1s delicados en la formaci\u00f3n durante el desarrollo del neonato. Los da\u00f1os adquiridos en la audici\u00f3n suelen ser irreversibles, tales como las p\u00e9rdidas auditivas ocasionadas por el ruido, que son acumulativas, progresivas e irreversibles&#8217;. <\/p>\n<p>Detalla que en &lsquo;Panam\u00e1 el ruido est\u00e1 a la altura de las grandes ciudades como New York, alcanzando los mismos niveles en varios sitio de la ciudad en horas pico&#8217;. <\/p>\n<p>Las secuelas negativas de esto se reflejan &lsquo;en los niveles de estr\u00e9s que manejamos, los des\u00f3rdenes de atenci\u00f3n, la convivencia e interacci\u00f3n comunicativa; ocasiona da\u00f1os irreparables a la audici\u00f3n. Adem\u00e1s se pueden producir da\u00f1os en otros sistemas como el end\u00f3crino, cardiovascular y neuropsicol\u00f3gicos, tales como alteraciones del sue\u00f1o, entre otros&#8217;, se\u00f1ala Pitty. <\/p>\n<p>Seg\u00fan la Organizaci\u00f3n Mundial de la Salud (OMS) (informe 2015), unos mil 100 millones de adolescentes y j\u00f3venes corren el peligro de sufrir p\u00e9rdida de audici\u00f3n por el uso nocivo de aparatos de audio personales, como tel\u00e9fonos inteligentes, y por la exposici\u00f3n a niveles sonoros da\u00f1inos en lugares de ocio ruidosos, como clubes nocturnos, bares y eventos deportivos. <\/p>\n<p>La OMS y la fonoaudi\u00f3loga coinciden en que se deben tomar medidas a nivel personal y de Estado. <\/p>\n<p>Seg\u00fan explica Pitty para &lsquo;protegernos del ruido debemos cambiar conductas nocivas, las malas costumbres que se han enquistado en nuestra poblaci\u00f3n como el alto volumen del televisor, radio y dem\u00e1s artefactos tecnol\u00f3gicos, por citar algunas&#8217;. <\/p>\n<p>Estos malos h\u00e1bitos deben combatirse &lsquo;a trav\u00e9s de campa\u00f1as educativas dando a conocer las consecuencias del ruido. Aplicando la leyes y los decretos alcaldicios que ya existen al respecto. Creando programas de educaci\u00f3n y conciencia social&#8217;, expresa Pitty. <\/p>\n<p>\u00a0 <\/p>\n","protected":false},"excerpt":{"rendered":"<p>No s\u00f3lo los altos niveles de ruidos propios de la <a href=\"https:\/\/sertv.gob.pa\/nacionalfm\/dia-internacional-de-conciencia-sobre-el-ruido-en-la-salud\/\"> [&#8230;]<\/a><\/p>\n","protected":false},"author":1,"featured_media":20063,"comment_status":"closed","ping_status":"closed","sticky":false,"template":"","format":"standard","meta":{"footnotes":""},"categories":[5],"tags":[],"class_list":["post-20062","post","type-post","status-publish","format-standard","has-post-thumbnail","hentry","category-salud"],"_links":{"self":[{"href":"https:\/\/sertv.gob.pa\/nacionalfm\/wp-json\/wp\/v2\/posts\/20062","targetHints":{"allow":["GET"]}}],"collection":[{"href":"https:\/\/sertv.gob.pa\/nacionalfm\/wp-json\/wp\/v2\/posts"}],"about":[{"href":"https:\/\/sertv.gob.pa\/nacionalfm\/wp-json\/wp\/v2\/types\/post"}],"author":[{"embeddable":true,"href":"https:\/\/sertv.gob.pa\/nacionalfm\/wp-json\/wp\/v2\/users\/1"}],"replies":[{"embeddable":true,"href":"https:\/\/sertv.gob.pa\/nacionalfm\/wp-json\/wp\/v2\/comments?post=20062"}],"version-history":[{"count":0,"href":"https:\/\/sertv.gob.pa\/nacionalfm\/wp-json\/wp\/v2\/posts\/20062\/revisions"}],"wp:featuredmedia":[{"embeddable":true,"href":"https:\/\/sertv.gob.pa\/nacionalfm\/wp-json\/wp\/v2\/media\/20063"}],"wp:attachment":[{"href":"https:\/\/sertv.gob.pa\/nacionalfm\/wp-json\/wp\/v2\/media?parent=20062"}],"wp:term":[{"taxonomy":"category","embeddable":true,"href":"https:\/\/sertv.gob.pa\/nacionalfm\/wp-json\/wp\/v2\/categories?post=20062"},{"taxonomy":"post_tag","embeddable":true,"href":"https:\/\/sertv.gob.pa\/nacionalfm\/wp-json\/wp\/v2\/tags?post=20062"}],"curies":[{"name":"wp","href":"https:\/\/api.w.org\/{rel}","templated":true}]}}