{"id":20068,"date":"2017-04-26T19:52:33","date_gmt":"2017-04-26T19:52:33","guid":{"rendered":""},"modified":"2017-04-26T19:52:33","modified_gmt":"2017-04-26T19:52:33","slug":"ecuador-y-republica-dominicana-finales-de-atletismo","status":"publish","type":"post","link":"https:\/\/sertv.gob.pa\/nacionalfm\/ecuador-y-republica-dominicana-finales-de-atletismo\/","title":{"rendered":"Ecuador y Rep\u00fablica Dominicana finales de Atletismo"},"content":{"rendered":"<p>\nCon dos medallas de oro Ecuador y Rep\u00fablica Dominicana dominaron las finales del lunes en el atletismo de los III Juegos Latinoamericanos de Olimpiadas Especiales que se desarrollan en la Ciudad Deportiva Irving Saladino. <\/p>\n<p>Costa Rica, Paraguay, Per\u00fa, Venezuela y Panam\u00e1 consiguieron las otras preseas doradas disputadas en esta disciplina en la justa latina. <\/p>\n<p>Las medallas de oro ecuatorianas las lograron Juan Pugo en los 3 mil metros planos con registro de 9 minutos, 35 segundos y 14 cent\u00e9simas y Jefferson Guerrero en la impulsi\u00f3n de la bala con un lanzamiento de 7.06 metros y las de los quisqueyanos llegaron en bala con Nelson Peralta con un env\u00edo de 8.20 y Lily Flores con 4.75. <\/p>\n<p>En la expulsi\u00f3n de la bala tambi\u00e9n llegaron la presea dorada de los ticos de la mano de Rafael Navarro con registro de 5.35 metros. Igual la paraguaya Sandra Torales con 8.32, la peruana con Merly Cardozo con 4.40, la venezolana con Juliett Siva con 7.61 y el paname\u00f1o Rafael Montero con 10.07. <\/p>\n<p>\u00a0 \u00a0 \u00a0 \u00a0 \u00a0 \u00a0 \u00a0 \u00a0 \u00a0 \u00a0 \u00a0 \u00a0 \u00a0 \u00a0 \u00a0 \u00a0 \u00a0 \u00a0 \u00a0 \u00a0 \u00a0\u00a0 <\/p>\n","protected":false},"excerpt":{"rendered":"<p>Con dos medallas de oro Ecuador y Rep\u00fablica Dominicana dominaron <a href=\"https:\/\/sertv.gob.pa\/nacionalfm\/ecuador-y-republica-dominicana-finales-de-atletismo\/\"> [&#8230;]<\/a><\/p>\n","protected":false},"author":1,"featured_media":20069,"comment_status":"closed","ping_status":"closed","sticky":false,"template":"","format":"standard","meta":{"footnotes":""},"categories":[4],"tags":[],"class_list":["post-20068","post","type-post","status-publish","format-standard","has-post-thumbnail","hentry","category-deportes"],"_links":{"self":[{"href":"https:\/\/sertv.gob.pa\/nacionalfm\/wp-json\/wp\/v2\/posts\/20068","targetHints":{"allow":["GET"]}}],"collection":[{"href":"https:\/\/sertv.gob.pa\/nacionalfm\/wp-json\/wp\/v2\/posts"}],"about":[{"href":"https:\/\/sertv.gob.pa\/nacionalfm\/wp-json\/wp\/v2\/types\/post"}],"author":[{"embeddable":true,"href":"https:\/\/sertv.gob.pa\/nacionalfm\/wp-json\/wp\/v2\/users\/1"}],"replies":[{"embeddable":true,"href":"https:\/\/sertv.gob.pa\/nacionalfm\/wp-json\/wp\/v2\/comments?post=20068"}],"version-history":[{"count":0,"href":"https:\/\/sertv.gob.pa\/nacionalfm\/wp-json\/wp\/v2\/posts\/20068\/revisions"}],"wp:featuredmedia":[{"embeddable":true,"href":"https:\/\/sertv.gob.pa\/nacionalfm\/wp-json\/wp\/v2\/media\/20069"}],"wp:attachment":[{"href":"https:\/\/sertv.gob.pa\/nacionalfm\/wp-json\/wp\/v2\/media?parent=20068"}],"wp:term":[{"taxonomy":"category","embeddable":true,"href":"https:\/\/sertv.gob.pa\/nacionalfm\/wp-json\/wp\/v2\/categories?post=20068"},{"taxonomy":"post_tag","embeddable":true,"href":"https:\/\/sertv.gob.pa\/nacionalfm\/wp-json\/wp\/v2\/tags?post=20068"}],"curies":[{"name":"wp","href":"https:\/\/api.w.org\/{rel}","templated":true}]}}