{"id":20070,"date":"2017-04-26T20:59:49","date_gmt":"2017-04-26T20:59:49","guid":{"rendered":""},"modified":"2017-04-26T20:59:49","modified_gmt":"2017-04-26T20:59:49","slug":"anuncian-cartelera-boxistica-para-el-18-de-octubre","status":"publish","type":"post","link":"https:\/\/sertv.gob.pa\/nacionalfm\/anuncian-cartelera-boxistica-para-el-18-de-octubre\/","title":{"rendered":"Anuncian cartelera box\u00edstica para el 18 de mayo"},"content":{"rendered":"<p>\nLa empresa Promociones y Eventos del Istmo anunci\u00f3 en conferencia de prensa en el restaurante Giorgio\u00b4s, la cartelera box\u00edstica Guerra Civivil que tiene como pelea estelar la de Bryan &ldquo;La Rocka&rdquo; De Gracia ante Jorge &ldquo;El B\u00fafalo&rdquo; S\u00e1nchez, que se verificar\u00e1 en el Fantastic Casino de Albrook, Malll el pr\u00f3ximo 18 de mayo. <\/p>\n<p>El combate coestelar correr\u00e1 a cargo de los boxeadores Yonathan &ldquo;El Terry&rdquo; Arenas ante Irving &ldquo;El Rel\u00e1mpago&rdquo; Berry, quien retorna luego de varios a\u00f1os de ausencia. <\/p>\n<p>En otros combates el invicto clasificado mundial Jaime Arboleda se mide al nicarag\u00fcense Jorge M\u00e9ndez, en choque de invictos Jaime Mu\u00f1oz se mide al venezolano Douly Lares, y el invicto reci\u00e9n ascendi\u00f3 al boxeo profesional espera mantener su condici\u00f3n ante el chiricano Elvis R\u00edos. <\/p>\n<p>Tambi\u00e9n ver\u00e1 acci\u00f3n el sante\u00f1o Jos\u00e9 Luis Calvo, quien era conocido como &ldquo;TVMax&rdquo; tiene una deuda con su rival, el venezolano Keyver Fern\u00e1ndez, con quien debi\u00f3 enfrentarse con anterioridad pero no lo pudo hacer por problemas personales, pero ya se encuentra en Panam\u00e1 para cumplir. <\/p>\n<p>Se les busca rival al invicto Gerardo &ldquo;Pica Pica&rdquo; Murillo y al cubano Leosdan N\u00fa\u00f1ez. <\/p>\n<p>\u00a0 <\/p>\n","protected":false},"excerpt":{"rendered":"<p>La empresa Promociones y Eventos del Istmo anunci\u00f3 en conferencia <a href=\"https:\/\/sertv.gob.pa\/nacionalfm\/anuncian-cartelera-boxistica-para-el-18-de-octubre\/\"> [&#8230;]<\/a><\/p>\n","protected":false},"author":1,"featured_media":20071,"comment_status":"closed","ping_status":"closed","sticky":false,"template":"","format":"standard","meta":{"footnotes":""},"categories":[4],"tags":[],"class_list":["post-20070","post","type-post","status-publish","format-standard","has-post-thumbnail","hentry","category-deportes"],"_links":{"self":[{"href":"https:\/\/sertv.gob.pa\/nacionalfm\/wp-json\/wp\/v2\/posts\/20070","targetHints":{"allow":["GET"]}}],"collection":[{"href":"https:\/\/sertv.gob.pa\/nacionalfm\/wp-json\/wp\/v2\/posts"}],"about":[{"href":"https:\/\/sertv.gob.pa\/nacionalfm\/wp-json\/wp\/v2\/types\/post"}],"author":[{"embeddable":true,"href":"https:\/\/sertv.gob.pa\/nacionalfm\/wp-json\/wp\/v2\/users\/1"}],"replies":[{"embeddable":true,"href":"https:\/\/sertv.gob.pa\/nacionalfm\/wp-json\/wp\/v2\/comments?post=20070"}],"version-history":[{"count":0,"href":"https:\/\/sertv.gob.pa\/nacionalfm\/wp-json\/wp\/v2\/posts\/20070\/revisions"}],"wp:featuredmedia":[{"embeddable":true,"href":"https:\/\/sertv.gob.pa\/nacionalfm\/wp-json\/wp\/v2\/media\/20071"}],"wp:attachment":[{"href":"https:\/\/sertv.gob.pa\/nacionalfm\/wp-json\/wp\/v2\/media?parent=20070"}],"wp:term":[{"taxonomy":"category","embeddable":true,"href":"https:\/\/sertv.gob.pa\/nacionalfm\/wp-json\/wp\/v2\/categories?post=20070"},{"taxonomy":"post_tag","embeddable":true,"href":"https:\/\/sertv.gob.pa\/nacionalfm\/wp-json\/wp\/v2\/tags?post=20070"}],"curies":[{"name":"wp","href":"https:\/\/api.w.org\/{rel}","templated":true}]}}