{"id":20119,"date":"2017-04-28T14:32:04","date_gmt":"2017-04-28T14:32:04","guid":{"rendered":""},"modified":"2017-04-28T14:32:04","modified_gmt":"2017-04-28T14:32:04","slug":"la-contaminacion-del-aire-puede-entrar-en-el-torrente-sanguineo","status":"publish","type":"post","link":"https:\/\/sertv.gob.pa\/nacionalfm\/la-contaminacion-del-aire-puede-entrar-en-el-torrente-sanguineo\/","title":{"rendered":"La contaminaci\u00f3n del aire puede entrar en el torrente sangu\u00edneo"},"content":{"rendered":"<p>\nPart\u00edculas diminutas, como aquellas que son producidas por la quema masiva de combustibles f\u00f3siles,  pueden pasar a trav\u00e9s de los pulmones, llegar al torrente sangu\u00edneo y da\u00f1ar diferentes \u00f3rganos del cuerpo , seg\u00fan un pol\u00e9mico experimento realizado en Inglaterra. <\/p>\n<p>Ya se sabe que la contaminaci\u00f3n del aire est\u00e1 directamente relacionada con  enfermedades del coraz\u00f3n, respiratorias, accidentes cerebrovasculares e incluso el c\u00e1ncer de pulm\u00f3n . Sin embargo, no se sab\u00eda con exactitud si era posible que las part\u00edculas m\u00e1s peque\u00f1as pudieran llegar hasta el torrente sangu\u00edneo. <\/p>\n<p>Para averiguarlo, un grupo de investigadores  puso a prueba a 14 voluntarios sanos y 12 pacientes quir\u00fargicos, quienes inhalaron part\u00edculas de oro .  Tan solo 15 minutos despu\u00e9s, y durante los tres meses siguientes, los participantes ten\u00edan nanopart\u00edculas en la sangre y la orina.  Los niveles fueron mayores luego de \u00a0la inhalaci\u00f3n de part\u00edculas de cinco nan\u00f3metros en comparaci\u00f3n con las part\u00edculas de 30 nan\u00f3metros. <\/p>\n<p>Seg\u00fan la Organizaci\u00f3n Mundial de la Salud (OMS),  en 2012 alrededor de siete millones de personas murieron como consecuencia de la exposici\u00f3n a la contaminaci\u00f3n atmosf\u00e9rica.  La mayor\u00eda de defunciones prematuras se producen en pa\u00edses de ingresos bajos y medianos. <\/p>\n<p>El profesor Jeremy Pearson, director m\u00e9dico asociado de la Fundaci\u00f3n Brit\u00e1nica del Coraz\u00f3n (BHF), quien financi\u00f3 el estudio, considera que los resultados son un jal\u00f3n de orejas para los gobiernos, que no han tomado las suficientes medidas para disminuir la contaminaci\u00f3n del aire. <\/p>\n<p>\u00bb No hay duda de que la contaminaci\u00f3n del aire es un asesino , y este estudio nos lleva un paso m\u00e1s cerca de resolver el misterio de c\u00f3mo la contaminaci\u00f3n del aire da\u00f1a nuestra salud cardiovascular\u00bb, manifiesta Pearson. \u00abSe necesitan m\u00e1s investigaciones para determinar el mecanismo y consolidar la evidencia, pero  estos resultados enfatizan que debemos hacer m\u00e1s para evitar que las personas fallezcan innecesariamente de las enfermedades del coraz\u00f3n  causadas por la contaminaci\u00f3n del aire&rdquo;. <\/p>\n<p>\u00a0 <\/p>\n","protected":false},"excerpt":{"rendered":"<p>Part\u00edculas diminutas, como aquellas que son producidas por la quema <a href=\"https:\/\/sertv.gob.pa\/nacionalfm\/la-contaminacion-del-aire-puede-entrar-en-el-torrente-sanguineo\/\"> [&#8230;]<\/a><\/p>\n","protected":false},"author":1,"featured_media":20120,"comment_status":"closed","ping_status":"closed","sticky":false,"template":"","format":"standard","meta":{"footnotes":""},"categories":[5],"tags":[],"class_list":["post-20119","post","type-post","status-publish","format-standard","has-post-thumbnail","hentry","category-salud"],"_links":{"self":[{"href":"https:\/\/sertv.gob.pa\/nacionalfm\/wp-json\/wp\/v2\/posts\/20119","targetHints":{"allow":["GET"]}}],"collection":[{"href":"https:\/\/sertv.gob.pa\/nacionalfm\/wp-json\/wp\/v2\/posts"}],"about":[{"href":"https:\/\/sertv.gob.pa\/nacionalfm\/wp-json\/wp\/v2\/types\/post"}],"author":[{"embeddable":true,"href":"https:\/\/sertv.gob.pa\/nacionalfm\/wp-json\/wp\/v2\/users\/1"}],"replies":[{"embeddable":true,"href":"https:\/\/sertv.gob.pa\/nacionalfm\/wp-json\/wp\/v2\/comments?post=20119"}],"version-history":[{"count":0,"href":"https:\/\/sertv.gob.pa\/nacionalfm\/wp-json\/wp\/v2\/posts\/20119\/revisions"}],"wp:featuredmedia":[{"embeddable":true,"href":"https:\/\/sertv.gob.pa\/nacionalfm\/wp-json\/wp\/v2\/media\/20120"}],"wp:attachment":[{"href":"https:\/\/sertv.gob.pa\/nacionalfm\/wp-json\/wp\/v2\/media?parent=20119"}],"wp:term":[{"taxonomy":"category","embeddable":true,"href":"https:\/\/sertv.gob.pa\/nacionalfm\/wp-json\/wp\/v2\/categories?post=20119"},{"taxonomy":"post_tag","embeddable":true,"href":"https:\/\/sertv.gob.pa\/nacionalfm\/wp-json\/wp\/v2\/tags?post=20119"}],"curies":[{"name":"wp","href":"https:\/\/api.w.org\/{rel}","templated":true}]}}