{"id":20133,"date":"2017-04-28T18:03:45","date_gmt":"2017-04-28T18:03:45","guid":{"rendered":""},"modified":"2017-04-28T18:03:45","modified_gmt":"2017-04-28T18:03:45","slug":"la-enfermedad-de-gaucher-sin-cura","status":"publish","type":"post","link":"https:\/\/sertv.gob.pa\/nacionalfm\/la-enfermedad-de-gaucher-sin-cura\/","title":{"rendered":"La enfermedad de Gaucher, sin cura"},"content":{"rendered":"<p>\nAunque no existe una cura, con el tratamiento adecuado, los pacientes de gaucher pueden llevar una vida normal. <\/p>\n<p>La enfermedad de gaucher forma parte de las enfermedades de dep\u00f3sito lisosomal, un subgrupo muy importante dentro de las enfermedades raras. <\/p>\n<p>Es poco com\u00fan a nivel nacional y en la poblaci\u00f3n mundial, pues &lsquo;afecta a una persona por cada 40 mil a 60 mil habitantes, de acuerdo con reportes de los investigadores a nivel mundial&#8217;, indica Adri\u00e1n C\u00e1rdenas, especialista internacional en enfermedades raras. <\/p>\n<p>Considerada igualmente como enfermedad hu\u00e9rfana (porque existe una cifra baja de pacientes en el mundo), &lsquo;la enfermedad de gaucher es una patolog\u00eda gen\u00e9tica, lo que implica que una persona padece esta enfermedad si sus padres tienen el gen defectuoso. La falta de enzima glucocerebrosidasa hace que se acumulen sustancias da\u00f1inas en el h\u00edgado, el bazo, los huesos y la m\u00e9dula \u00f3sea&#8217;, detalla C\u00e1rdenas. <\/p>\n<p>En Panam\u00e1, la Fundaci\u00f3n Ni\u00f1os de Cristal, quien atiende a ni\u00f1os que sufren de Osteog\u00e9nesis Imperfecta y enfermedades raras, registra &lsquo;un caso de gaucher&#8217;, expresa Dayana Castillo de N\u00fa\u00f1ez, presidenta de la fundaci\u00f3n. <\/p>\n<p>Existen se\u00f1ales ante las cuales los padres deben tomar acciones para una detecci\u00f3n temprana. <\/p>\n<p>&lsquo;Esta enfermedad puede manifestarse desde temprana edad, desde una edad pedi\u00e1trica&#8217;, afirma el especialista. <\/p>\n<p>A\u00f1ade que &lsquo;entre los s\u00edntomas m\u00e1s evidentes est\u00e1n los moretones, dolores en los huesos, les puede crecer el abdomen pues aumenta el tama\u00f1o del h\u00edgado y del vaso, retardo en el crecimiento, anemia, plaquetas bajas y otras alteraciones&#8217;. <\/p>\n<p>\u00a0 <\/p>\n<p>\u00a0 <\/p>\n","protected":false},"excerpt":{"rendered":"<p>Aunque no existe una cura, con el tratamiento adecuado, los <a href=\"https:\/\/sertv.gob.pa\/nacionalfm\/la-enfermedad-de-gaucher-sin-cura\/\"> [&#8230;]<\/a><\/p>\n","protected":false},"author":1,"featured_media":20134,"comment_status":"closed","ping_status":"closed","sticky":false,"template":"","format":"standard","meta":{"footnotes":""},"categories":[5],"tags":[],"class_list":["post-20133","post","type-post","status-publish","format-standard","has-post-thumbnail","hentry","category-salud"],"_links":{"self":[{"href":"https:\/\/sertv.gob.pa\/nacionalfm\/wp-json\/wp\/v2\/posts\/20133","targetHints":{"allow":["GET"]}}],"collection":[{"href":"https:\/\/sertv.gob.pa\/nacionalfm\/wp-json\/wp\/v2\/posts"}],"about":[{"href":"https:\/\/sertv.gob.pa\/nacionalfm\/wp-json\/wp\/v2\/types\/post"}],"author":[{"embeddable":true,"href":"https:\/\/sertv.gob.pa\/nacionalfm\/wp-json\/wp\/v2\/users\/1"}],"replies":[{"embeddable":true,"href":"https:\/\/sertv.gob.pa\/nacionalfm\/wp-json\/wp\/v2\/comments?post=20133"}],"version-history":[{"count":0,"href":"https:\/\/sertv.gob.pa\/nacionalfm\/wp-json\/wp\/v2\/posts\/20133\/revisions"}],"wp:featuredmedia":[{"embeddable":true,"href":"https:\/\/sertv.gob.pa\/nacionalfm\/wp-json\/wp\/v2\/media\/20134"}],"wp:attachment":[{"href":"https:\/\/sertv.gob.pa\/nacionalfm\/wp-json\/wp\/v2\/media?parent=20133"}],"wp:term":[{"taxonomy":"category","embeddable":true,"href":"https:\/\/sertv.gob.pa\/nacionalfm\/wp-json\/wp\/v2\/categories?post=20133"},{"taxonomy":"post_tag","embeddable":true,"href":"https:\/\/sertv.gob.pa\/nacionalfm\/wp-json\/wp\/v2\/tags?post=20133"}],"curies":[{"name":"wp","href":"https:\/\/api.w.org\/{rel}","templated":true}]}}