{"id":2014,"date":"2014-10-12T05:00:00","date_gmt":"2014-10-12T05:00:00","guid":{"rendered":""},"modified":"2014-10-12T05:00:00","modified_gmt":"2014-10-12T05:00:00","slug":"10-000-nuevos-casos-de-ebola-espera-la-oms","status":"publish","type":"post","link":"https:\/\/sertv.gob.pa\/nacionalfm\/10-000-nuevos-casos-de-ebola-espera-la-oms\/","title":{"rendered":"10.000 nuevos casos de \u00e9bola espera la OMS"},"content":{"rendered":"<p>\nLa Organizaci\u00f3n Mundial de la Salud asegur\u00f3 que espera 10.000 nuevos casos de \u00e9bola en las pr\u00f3ximas semanas. <\/p>\n<p>El portavoz Chris Dye le expres\u00f3 a la BBC que pese al aumento del apoyo internacional en las \u00faltimas semanas \u00fanicamente hab\u00eda una cuarta parte de las camas en hospitales necesarias para pacientes en los pa\u00edses m\u00e1s afectados: Guinea, Sierra Leona y Liberia. <\/p>\n<p>M\u00e1s 3.800 personas han fallecido, la mayor\u00eda en \u00c1frica Occidental. <\/p>\n<p>La OMS hab\u00eda advertido el jueves que el \u00e9bola est\u00e1 arraigado en las capitales de los tres pa\u00edses m\u00e1s afectados y que el brote se estaba acelerando. <\/p>\n<p>La organizaci\u00f3n de ayuda humanitaria M\u00e9dicos Sin Fronteras asegur\u00f3 que no se entiende por qu\u00e9, luego de varios meses desde que inici\u00f3 el brote, todav\u00eda no se ha producido un despliegue masivo de equipos de socorro. <\/p>\n<p>El presidente de Guinea, Alpha Conde, manifest\u00f3 que el brote ya habr\u00eda sido contenido si el mundo se hubiera actuado con rapidez. <\/p>\n<p>\u00a0 <\/p>\n","protected":false},"excerpt":{"rendered":"<p>La Organizaci\u00f3n Mundial de la Salud asegur\u00f3 que espera 10.000 <a href=\"https:\/\/sertv.gob.pa\/nacionalfm\/10-000-nuevos-casos-de-ebola-espera-la-oms\/\"> [&#8230;]<\/a><\/p>\n","protected":false},"author":1,"featured_media":2015,"comment_status":"closed","ping_status":"closed","sticky":false,"template":"","format":"standard","meta":{"footnotes":""},"categories":[5],"tags":[],"class_list":["post-2014","post","type-post","status-publish","format-standard","has-post-thumbnail","hentry","category-salud"],"_links":{"self":[{"href":"https:\/\/sertv.gob.pa\/nacionalfm\/wp-json\/wp\/v2\/posts\/2014","targetHints":{"allow":["GET"]}}],"collection":[{"href":"https:\/\/sertv.gob.pa\/nacionalfm\/wp-json\/wp\/v2\/posts"}],"about":[{"href":"https:\/\/sertv.gob.pa\/nacionalfm\/wp-json\/wp\/v2\/types\/post"}],"author":[{"embeddable":true,"href":"https:\/\/sertv.gob.pa\/nacionalfm\/wp-json\/wp\/v2\/users\/1"}],"replies":[{"embeddable":true,"href":"https:\/\/sertv.gob.pa\/nacionalfm\/wp-json\/wp\/v2\/comments?post=2014"}],"version-history":[{"count":0,"href":"https:\/\/sertv.gob.pa\/nacionalfm\/wp-json\/wp\/v2\/posts\/2014\/revisions"}],"wp:featuredmedia":[{"embeddable":true,"href":"https:\/\/sertv.gob.pa\/nacionalfm\/wp-json\/wp\/v2\/media\/2015"}],"wp:attachment":[{"href":"https:\/\/sertv.gob.pa\/nacionalfm\/wp-json\/wp\/v2\/media?parent=2014"}],"wp:term":[{"taxonomy":"category","embeddable":true,"href":"https:\/\/sertv.gob.pa\/nacionalfm\/wp-json\/wp\/v2\/categories?post=2014"},{"taxonomy":"post_tag","embeddable":true,"href":"https:\/\/sertv.gob.pa\/nacionalfm\/wp-json\/wp\/v2\/tags?post=2014"}],"curies":[{"name":"wp","href":"https:\/\/api.w.org\/{rel}","templated":true}]}}