{"id":20161,"date":"2017-05-02T18:02:27","date_gmt":"2017-05-02T18:02:27","guid":{"rendered":""},"modified":"2017-05-02T18:02:27","modified_gmt":"2017-05-02T18:02:27","slug":"el-tabaco-centra-unas-jornadas-con-260-neumologos-en-ibiza","status":"publish","type":"post","link":"https:\/\/sertv.gob.pa\/nacionalfm\/el-tabaco-centra-unas-jornadas-con-260-neumologos-en-ibiza\/","title":{"rendered":"El tabaco centra unas jornadas con 260 neum\u00f3logos en Ibiza"},"content":{"rendered":"<p>\nLas und\u00e9cimas Jornadas de Neumolog\u00eda de Ibiza organizadas por el servicio de Neumolog\u00eda de la Policl\u00ednica Nuestra Se\u00f1ora del Rosario inician este jueves. <\/p>\n<p>Los d\u00edas 4, 5 y 6 de mayo se reunir\u00e1n en el hotel Torre del Mar de Ibiza 260 neum\u00f3logos, el m\u00e1ximo de aforo del establecimiento, para unas jornada cada vez m\u00e1s demandadas que obligar\u00e1n a incrementar esta cifra en 2018, por los numerosos profesionales de toda Espa\u00f1a que se quedan fuera. <\/p>\n<p>La Conferencia inaugural correr\u00e1 a cargo del doctor  \u00c1lvaro Agust\u00ed , uno de los referentes en EPOC a nivel mundial. El doctor Agust\u00ed es director del Instituto del Torax del Hospital Clinic (Barcelona). Ha publicado m\u00e1s de 200 art\u00edculos y contribuido en m\u00e1s de 30 libros. <\/p>\n<p>El tema del tabaquismo estar\u00e1 muy presente en estas jornadas, ya que es la enfermedad m\u00e1s com\u00fan en Neumolog\u00eda, adem\u00e1s de la primera causa de enfermedad y muerte prematura en el mundo occidental. En Espa\u00f1a hay cerca de 12 millones de fumadores. Cada a\u00f1o alrededor de 60.000 decesos est\u00e1n relacionados con el tabaquismo. De ellas, 5.000 se atribuyen al tabaquismo pasivo. Es responsable del 90% de las muertes por c\u00e1ncer de pulm\u00f3n, del 75% de las muertes por EPOC, y del 34% de las muertes por enfermedad cardiovascular. <\/p>\n<p>Habr\u00e1 una mesa redonda sobre tabaquismo moderada por las doctoras  Inmaculada Alfageme , presidenta de SEPAR (Sociedad Espa\u00f1ola de Neumolog\u00eda y Cirug\u00eda Tor\u00e1cica) y la doctora  Araceli Mu\u00f1oz , neum\u00f3loga del Hospital Son Ll\u00e0tzer de Palma de Mallorca. <\/p>\n<p>Igualmente varias charlas, como una sobre: \u00abContaminaci\u00f3n por colillas de cigarrillos\u00bb, por el doctor  Jos\u00e9 Ignacio de Granda . <\/p>\n<p>Muy importante ser\u00e1 el tiempo que se dedicar\u00e1 a la EPOC (Enfermedad Pulmonar Obstructiva Cr\u00f3nica), que es a d\u00eda de hoy la tercera causa de muerte del Mundo. Ser\u00e1 abordada por grandes especialistas e investigadores, conocidos a nivel mundial, entre los que se encuentran ponentes como el doctor  Manuel Cos\u00edo , que viene desde McGill University, Montreal (Canad\u00e1), la doctora  Marina Saetta  de la Universidad de Padova (Italia) y el doctor  Bartolom\u00e9 Celli  de Harvard. <\/p>\n<p>Otra enfermedad que se abordar\u00e1 ser\u00e1 la Fibrosis Pulmonar Idiop\u00e1tica (FPI), una enfermedad cr\u00f3nica demoledora y mortal que se caracteriza por una disminuci\u00f3n progresiva de la funci\u00f3n pulmonar. Afecta a entre 13 y 20 personas de cada cien mil. Su incidencia se ha incrementado en los \u00faltimos 10 a\u00f1os, se manifiesta en pacientes cada vez m\u00e1s j\u00f3venes. <\/p>\n<p>\u00a0 <\/p>\n","protected":false},"excerpt":{"rendered":"<p>Las und\u00e9cimas Jornadas de Neumolog\u00eda de Ibiza organizadas por el <a href=\"https:\/\/sertv.gob.pa\/nacionalfm\/el-tabaco-centra-unas-jornadas-con-260-neumologos-en-ibiza\/\"> [&#8230;]<\/a><\/p>\n","protected":false},"author":1,"featured_media":20162,"comment_status":"closed","ping_status":"closed","sticky":false,"template":"","format":"standard","meta":{"footnotes":""},"categories":[5],"tags":[],"class_list":["post-20161","post","type-post","status-publish","format-standard","has-post-thumbnail","hentry","category-salud"],"_links":{"self":[{"href":"https:\/\/sertv.gob.pa\/nacionalfm\/wp-json\/wp\/v2\/posts\/20161","targetHints":{"allow":["GET"]}}],"collection":[{"href":"https:\/\/sertv.gob.pa\/nacionalfm\/wp-json\/wp\/v2\/posts"}],"about":[{"href":"https:\/\/sertv.gob.pa\/nacionalfm\/wp-json\/wp\/v2\/types\/post"}],"author":[{"embeddable":true,"href":"https:\/\/sertv.gob.pa\/nacionalfm\/wp-json\/wp\/v2\/users\/1"}],"replies":[{"embeddable":true,"href":"https:\/\/sertv.gob.pa\/nacionalfm\/wp-json\/wp\/v2\/comments?post=20161"}],"version-history":[{"count":0,"href":"https:\/\/sertv.gob.pa\/nacionalfm\/wp-json\/wp\/v2\/posts\/20161\/revisions"}],"wp:featuredmedia":[{"embeddable":true,"href":"https:\/\/sertv.gob.pa\/nacionalfm\/wp-json\/wp\/v2\/media\/20162"}],"wp:attachment":[{"href":"https:\/\/sertv.gob.pa\/nacionalfm\/wp-json\/wp\/v2\/media?parent=20161"}],"wp:term":[{"taxonomy":"category","embeddable":true,"href":"https:\/\/sertv.gob.pa\/nacionalfm\/wp-json\/wp\/v2\/categories?post=20161"},{"taxonomy":"post_tag","embeddable":true,"href":"https:\/\/sertv.gob.pa\/nacionalfm\/wp-json\/wp\/v2\/tags?post=20161"}],"curies":[{"name":"wp","href":"https:\/\/api.w.org\/{rel}","templated":true}]}}