{"id":20163,"date":"2017-05-02T18:14:34","date_gmt":"2017-05-02T18:14:34","guid":{"rendered":""},"modified":"2017-05-02T18:14:34","modified_gmt":"2017-05-02T18:14:34","slug":"el-consumo-de-alcohol-y-el-cancer-de-mama","status":"publish","type":"post","link":"https:\/\/sertv.gob.pa\/nacionalfm\/el-consumo-de-alcohol-y-el-cancer-de-mama\/","title":{"rendered":"El consumo de alcohol y el c\u00e1ncer de mama"},"content":{"rendered":"<p>\nInvestigaciones previas ya hab\u00edan advertido sobre la estrecha relaci\u00f3n que hay entre el consumo de alcohol y el c\u00e1ncer de mama en las mujeres. No obstante, nunca se hab\u00eda hecho un estudio macro con mujeres negras particularmente. <\/p>\n<p>De acuerdo con el Centro de C\u00e1ncer de la Universidad de Carolina del Norte,  las mujeres negras que beben m\u00e1s de 14 bebidas alcoh\u00f3licas por semana tienen un riesgo significativamente mayor de padecer c\u00e1ncer de mama invasivo , que aquellas mujeres que beben menos.\u00a0 <\/p>\n<p>\u00abLos grupos minoritarios a menudo son poco estudiados porque representan una proporci\u00f3n m\u00ednima en las poblaciones de estudio. Este trabajo no tiene esa limitaci\u00f3n pues trabaja con muchos estudios diferentes, incluyendo m\u00e1s de 20.000 mujeres negras\u00bb, manifest\u00f3 a la revista Science, Melissa Troester, PhD y miembro de UNC Lineberger.  \u00abEncontramos que los patrones observados en otros estudios que examinan el alcohol y el riesgo de c\u00e1ncer de mama se mantienen igualmente en las mujeres negras\u00bb . <\/p>\n<p>Concretamente los investigadores  analizaron los datos de 22.338 mujeres del consorcio de C\u00e1ncer de mama, Epidemiolog\u00eda y Riesgo en Afroamericanas , que combina datos de cuatro grandes estudios de c\u00e1ncer de mama. Al evaluar todos los datos, los expertos hallaron que  consumir siete o m\u00e1s bebidas alcoh\u00f3licas por semana ocasiona un mayor riesgo de c\u00e1ncer de mama.  <\/p>\n<p>Las mujeres que antes beb\u00edan alcohol y luego se detuvieron, ten\u00edan un riesgo menor que las mujeres que reportaron un uso reciente y continuo, lo que indica que las mujeres pueden reducir su riesgo bebiendo menos.  Es una acci\u00f3n que se puede modificar, a diferencia de otros factores como la edad y la gen\u00e9tica.  <\/p>\n<p>En 2015,  un estudio efectuado con 334.850 mujeres europeas, entre 35 y 70 a\u00f1os,  hab\u00eda corroborado las primeras pistas sobre el v\u00ednculo entre las bebidas alcoh\u00f3licas y el tumor mamario.  De todas las mujeres analizadas, 11.576 fueron diagnosticadas de un c\u00e1ncer de mama a lo largo de los once a\u00f1os de seguimiento.  <\/p>\n<p> El peligro tambi\u00e9n est\u00e1 determinado por los a\u00f1os de exposici\u00f3n al consumo de alcohol, de manera que, a mayor tiempo de consumo, mayor es el riesgo, sobre todo si se inici\u00f3 antes del primer embarazo.  <\/p>\n<p>\u00a0 <\/p>\n<p>\u00a0 <\/p>\n","protected":false},"excerpt":{"rendered":"<p>Investigaciones previas ya hab\u00edan advertido sobre la estrecha relaci\u00f3n que <a href=\"https:\/\/sertv.gob.pa\/nacionalfm\/el-consumo-de-alcohol-y-el-cancer-de-mama\/\"> [&#8230;]<\/a><\/p>\n","protected":false},"author":1,"featured_media":20164,"comment_status":"closed","ping_status":"closed","sticky":false,"template":"","format":"standard","meta":{"footnotes":""},"categories":[5],"tags":[],"class_list":["post-20163","post","type-post","status-publish","format-standard","has-post-thumbnail","hentry","category-salud"],"_links":{"self":[{"href":"https:\/\/sertv.gob.pa\/nacionalfm\/wp-json\/wp\/v2\/posts\/20163","targetHints":{"allow":["GET"]}}],"collection":[{"href":"https:\/\/sertv.gob.pa\/nacionalfm\/wp-json\/wp\/v2\/posts"}],"about":[{"href":"https:\/\/sertv.gob.pa\/nacionalfm\/wp-json\/wp\/v2\/types\/post"}],"author":[{"embeddable":true,"href":"https:\/\/sertv.gob.pa\/nacionalfm\/wp-json\/wp\/v2\/users\/1"}],"replies":[{"embeddable":true,"href":"https:\/\/sertv.gob.pa\/nacionalfm\/wp-json\/wp\/v2\/comments?post=20163"}],"version-history":[{"count":0,"href":"https:\/\/sertv.gob.pa\/nacionalfm\/wp-json\/wp\/v2\/posts\/20163\/revisions"}],"wp:featuredmedia":[{"embeddable":true,"href":"https:\/\/sertv.gob.pa\/nacionalfm\/wp-json\/wp\/v2\/media\/20164"}],"wp:attachment":[{"href":"https:\/\/sertv.gob.pa\/nacionalfm\/wp-json\/wp\/v2\/media?parent=20163"}],"wp:term":[{"taxonomy":"category","embeddable":true,"href":"https:\/\/sertv.gob.pa\/nacionalfm\/wp-json\/wp\/v2\/categories?post=20163"},{"taxonomy":"post_tag","embeddable":true,"href":"https:\/\/sertv.gob.pa\/nacionalfm\/wp-json\/wp\/v2\/tags?post=20163"}],"curies":[{"name":"wp","href":"https:\/\/api.w.org\/{rel}","templated":true}]}}