{"id":20189,"date":"2017-05-03T16:12:17","date_gmt":"2017-05-03T16:12:17","guid":{"rendered":""},"modified":"2017-05-03T16:12:17","modified_gmt":"2017-05-03T16:12:17","slug":"cifras-de-infantes-malnutridos-crecera","status":"publish","type":"post","link":"https:\/\/sertv.gob.pa\/nacionalfm\/cifras-de-infantes-malnutridos-crecera\/","title":{"rendered":"Cifras de infantes malnutridos crecer\u00e1"},"content":{"rendered":"<p>\nEl Fondo de la ONU para la Infancia (Unicef) manifest\u00f3 que prev\u00e9 que el n\u00famero de ni\u00f1os que sufren o sufrir\u00e1n malnutrici\u00f3n aguda en Somalia aumentar\u00e1 un 50%, hasta 1,4 millones en 2017. Esta cifra incluye a m\u00e1s de 275 mil ni\u00f1os que han experimentado o experimentar\u00e1n una malnutrici\u00f3n severa posiblemente mortal en 2017, seg\u00fan las proyecciones de la agencia multilateral. <\/p>\n<p>Unicef y sus socios han tratado ya a m\u00e1s de 56 mil ni\u00f1os gravemente malnutridos en los tres primeros meses del a\u00f1o, un 88% m\u00e1s que en el mismo periodo del a\u00f1o anterior. &ldquo;Cada d\u00eda habr\u00e1 m\u00e1s&rdquo;, indic\u00f3 la portavoz de Unicef Marixie Mercado, en una rueda de prensa. <\/p>\n<p>De acuerdo con esta agencia de la ONU, ni\u00f1os gravemente malnutridos tienen nueve veces m\u00e1s posibilidades de fallecer de enfermedades como el c\u00f3lera, la diarrea aguda y el sarampi\u00f3n. <\/p>\n<p>Durante la crisis de hambruna en 2011 en Somalia, durante la cual murieron unas 260 mil personas a lo largo de 18 meses, la mitad ni\u00f1os, las principales causas de los decesos de menores fueron la diarrea y el sarampi\u00f3n. <\/p>\n<p>\u00a0 <\/p>\n","protected":false},"excerpt":{"rendered":"<p>El Fondo de la ONU para la Infancia (Unicef) manifest\u00f3 <a href=\"https:\/\/sertv.gob.pa\/nacionalfm\/cifras-de-infantes-malnutridos-crecera\/\"> [&#8230;]<\/a><\/p>\n","protected":false},"author":1,"featured_media":20190,"comment_status":"closed","ping_status":"closed","sticky":false,"template":"","format":"standard","meta":{"footnotes":""},"categories":[5],"tags":[],"class_list":["post-20189","post","type-post","status-publish","format-standard","has-post-thumbnail","hentry","category-salud"],"_links":{"self":[{"href":"https:\/\/sertv.gob.pa\/nacionalfm\/wp-json\/wp\/v2\/posts\/20189","targetHints":{"allow":["GET"]}}],"collection":[{"href":"https:\/\/sertv.gob.pa\/nacionalfm\/wp-json\/wp\/v2\/posts"}],"about":[{"href":"https:\/\/sertv.gob.pa\/nacionalfm\/wp-json\/wp\/v2\/types\/post"}],"author":[{"embeddable":true,"href":"https:\/\/sertv.gob.pa\/nacionalfm\/wp-json\/wp\/v2\/users\/1"}],"replies":[{"embeddable":true,"href":"https:\/\/sertv.gob.pa\/nacionalfm\/wp-json\/wp\/v2\/comments?post=20189"}],"version-history":[{"count":0,"href":"https:\/\/sertv.gob.pa\/nacionalfm\/wp-json\/wp\/v2\/posts\/20189\/revisions"}],"wp:featuredmedia":[{"embeddable":true,"href":"https:\/\/sertv.gob.pa\/nacionalfm\/wp-json\/wp\/v2\/media\/20190"}],"wp:attachment":[{"href":"https:\/\/sertv.gob.pa\/nacionalfm\/wp-json\/wp\/v2\/media?parent=20189"}],"wp:term":[{"taxonomy":"category","embeddable":true,"href":"https:\/\/sertv.gob.pa\/nacionalfm\/wp-json\/wp\/v2\/categories?post=20189"},{"taxonomy":"post_tag","embeddable":true,"href":"https:\/\/sertv.gob.pa\/nacionalfm\/wp-json\/wp\/v2\/tags?post=20189"}],"curies":[{"name":"wp","href":"https:\/\/api.w.org\/{rel}","templated":true}]}}