{"id":20241,"date":"2017-05-05T18:12:28","date_gmt":"2017-05-05T18:12:28","guid":{"rendered":""},"modified":"2017-05-05T18:12:28","modified_gmt":"2017-05-05T18:12:28","slug":"los-calambres-en-nuestro-cuerpo","status":"publish","type":"post","link":"https:\/\/sertv.gob.pa\/nacionalfm\/los-calambres-en-nuestro-cuerpo\/","title":{"rendered":"Los calambres en nuestro cuerpo"},"content":{"rendered":"<p>\nL os calambres muchas veces no avisan  y el riesgo de sufrirlos es alto cuando hacemos ejercicio, en especial cuando exigimos a nuestro cuerpo al m\u00e1ximo esfuerzo. <\/p>\n<p>Las mujeres que usan zapatos de tac\u00f3n o aquellas personas con una baja condici\u00f3n f\u00edsica igualmente est\u00e1n expuestas a sufrir estos espasmos involuntarios en los que el m\u00fasculo se contrae de tal manera que resulta casi imposible relajarlo. <\/p>\n<p>Si bien  cualquier m\u00fasculo puede sufrir un calambre , los m\u00e1s comunes son los que est\u00e1n en las piernas como el gastrocnemio en la pantorrilla, popularmente conocido como gemelo, y los del muslo, tanto el cu\u00e1driceps como el tend\u00f3n de la corva. <\/p>\n<p>Las piernas son la parte del cuerpo donde se suele sufrir m\u00e1s calambres, como suceden en los partidos de f\u00fatbol o carreras de larga distancia. <\/p>\n<p>El dolor puede ser fugaz o durar unos minutos, pero en algunos casos se puede extender por un tiempo m\u00e1s prolongado, lo que requerir\u00e1 el consumo de f\u00e1rmacos para forzar la relajaci\u00f3n del m\u00fasculo contra\u00eddo <\/p>\n<p>Si bien los cient\u00edficos a\u00fan no conocen por qu\u00e9 ocurren los calambres, s\u00ed han determinado dos escenarios en los que se producen m\u00e1s frecuentemente. <\/p>\n<p>-El m\u00e1s com\u00fan es cuando se hay fatiga de los m\u00fasculos luego de una larga sesi\u00f3n de ejercicios o cuando se practica un deporte. <\/p>\n<p>-La falta de hidrataci\u00f3n tambi\u00e9n es una de las principales razones, as\u00ed como activar de manera repentina el cuerpo luego de llevar un estilo de vida sedentario. <\/p>\n<p>\u00a0 <\/p>\n<p>\u00a0 <\/p>\n","protected":false},"excerpt":{"rendered":"<p>L os calambres muchas veces no avisan y el riesgo <a href=\"https:\/\/sertv.gob.pa\/nacionalfm\/los-calambres-en-nuestro-cuerpo\/\"> [&#8230;]<\/a><\/p>\n","protected":false},"author":1,"featured_media":20242,"comment_status":"closed","ping_status":"closed","sticky":false,"template":"","format":"standard","meta":{"footnotes":""},"categories":[5],"tags":[],"class_list":["post-20241","post","type-post","status-publish","format-standard","has-post-thumbnail","hentry","category-salud"],"_links":{"self":[{"href":"https:\/\/sertv.gob.pa\/nacionalfm\/wp-json\/wp\/v2\/posts\/20241","targetHints":{"allow":["GET"]}}],"collection":[{"href":"https:\/\/sertv.gob.pa\/nacionalfm\/wp-json\/wp\/v2\/posts"}],"about":[{"href":"https:\/\/sertv.gob.pa\/nacionalfm\/wp-json\/wp\/v2\/types\/post"}],"author":[{"embeddable":true,"href":"https:\/\/sertv.gob.pa\/nacionalfm\/wp-json\/wp\/v2\/users\/1"}],"replies":[{"embeddable":true,"href":"https:\/\/sertv.gob.pa\/nacionalfm\/wp-json\/wp\/v2\/comments?post=20241"}],"version-history":[{"count":0,"href":"https:\/\/sertv.gob.pa\/nacionalfm\/wp-json\/wp\/v2\/posts\/20241\/revisions"}],"wp:featuredmedia":[{"embeddable":true,"href":"https:\/\/sertv.gob.pa\/nacionalfm\/wp-json\/wp\/v2\/media\/20242"}],"wp:attachment":[{"href":"https:\/\/sertv.gob.pa\/nacionalfm\/wp-json\/wp\/v2\/media?parent=20241"}],"wp:term":[{"taxonomy":"category","embeddable":true,"href":"https:\/\/sertv.gob.pa\/nacionalfm\/wp-json\/wp\/v2\/categories?post=20241"},{"taxonomy":"post_tag","embeddable":true,"href":"https:\/\/sertv.gob.pa\/nacionalfm\/wp-json\/wp\/v2\/tags?post=20241"}],"curies":[{"name":"wp","href":"https:\/\/api.w.org\/{rel}","templated":true}]}}