{"id":20247,"date":"2017-05-06T18:00:03","date_gmt":"2017-05-06T18:00:03","guid":{"rendered":""},"modified":"2017-05-06T18:00:03","modified_gmt":"2017-05-06T18:00:03","slug":"estudiantes-del-colegio-francisco-beckman-reciben-orientacion-del-pove","status":"publish","type":"post","link":"https:\/\/sertv.gob.pa\/nacionalfm\/estudiantes-del-colegio-francisco-beckman-reciben-orientacion-del-pove\/","title":{"rendered":"Estudiantes del colegio Francisco Beckman reciben orientaci\u00f3n del POVE"},"content":{"rendered":"<p>\nUn total de 600 estudiantes de Bachilleres en Ciencia y Comercio del Colegio Monse\u00f1or Francisco Beckman, fueron visitados en fecha reciente, por funcionarios del Programa de Orientaci\u00f3n Vocacional y Empleo (POVE), del Ministerio de Trabajo y Desarrollo Laboral (MITRADEL), quienes les brindaron orientaci\u00f3n respectiva a las carreras que demanda el mercado laboral existente. <\/p>\n<p>Sobre el particular, Publio Caballero, Jefe del programa, manifest\u00f3, que las \u00e1reas que m\u00e1s repuntan en el mundo laboral son: las carreras t\u00e9cnicas, como el sector de la construcci\u00f3n, seguido por el \u00e1rea del comercio, la industria, el sector log\u00edstico, la agricultura y el turismo. <\/p>\n<p>Cabe recordar, que el POVE, propicia espacios, para que los j\u00f3venes compartan sus puntos de vista a trav\u00e9s de un panel de estudiantes, acerca de su futuro profesional y las perspectivas del mundo laboral, as\u00ed mismo, un panel de profesionales y egresados del sistema educativo, comparten sus experiencias con los graduandos, sobre los resultados del esfuerzo y el proceso de formaci\u00f3n que los conllev\u00f3 a construir un perfil profesional exitoso. <\/p>\n","protected":false},"excerpt":{"rendered":"<p>Un total de 600 estudiantes de Bachilleres en Ciencia y <a href=\"https:\/\/sertv.gob.pa\/nacionalfm\/estudiantes-del-colegio-francisco-beckman-reciben-orientacion-del-pove\/\"> [&#8230;]<\/a><\/p>\n","protected":false},"author":1,"featured_media":20248,"comment_status":"closed","ping_status":"closed","sticky":false,"template":"","format":"standard","meta":{"footnotes":""},"categories":[2],"tags":[],"class_list":["post-20247","post","type-post","status-publish","format-standard","has-post-thumbnail","hentry","category-nacionales"],"_links":{"self":[{"href":"https:\/\/sertv.gob.pa\/nacionalfm\/wp-json\/wp\/v2\/posts\/20247","targetHints":{"allow":["GET"]}}],"collection":[{"href":"https:\/\/sertv.gob.pa\/nacionalfm\/wp-json\/wp\/v2\/posts"}],"about":[{"href":"https:\/\/sertv.gob.pa\/nacionalfm\/wp-json\/wp\/v2\/types\/post"}],"author":[{"embeddable":true,"href":"https:\/\/sertv.gob.pa\/nacionalfm\/wp-json\/wp\/v2\/users\/1"}],"replies":[{"embeddable":true,"href":"https:\/\/sertv.gob.pa\/nacionalfm\/wp-json\/wp\/v2\/comments?post=20247"}],"version-history":[{"count":0,"href":"https:\/\/sertv.gob.pa\/nacionalfm\/wp-json\/wp\/v2\/posts\/20247\/revisions"}],"wp:featuredmedia":[{"embeddable":true,"href":"https:\/\/sertv.gob.pa\/nacionalfm\/wp-json\/wp\/v2\/media\/20248"}],"wp:attachment":[{"href":"https:\/\/sertv.gob.pa\/nacionalfm\/wp-json\/wp\/v2\/media?parent=20247"}],"wp:term":[{"taxonomy":"category","embeddable":true,"href":"https:\/\/sertv.gob.pa\/nacionalfm\/wp-json\/wp\/v2\/categories?post=20247"},{"taxonomy":"post_tag","embeddable":true,"href":"https:\/\/sertv.gob.pa\/nacionalfm\/wp-json\/wp\/v2\/tags?post=20247"}],"curies":[{"name":"wp","href":"https:\/\/api.w.org\/{rel}","templated":true}]}}