{"id":20265,"date":"2017-05-08T16:03:34","date_gmt":"2017-05-08T16:03:34","guid":{"rendered":""},"modified":"2017-05-08T16:03:34","modified_gmt":"2017-05-08T16:03:34","slug":"entregan-personeria-juridica-para-juegos-centroamericanos-y-del-caribe","status":"publish","type":"post","link":"https:\/\/sertv.gob.pa\/nacionalfm\/entregan-personeria-juridica-para-juegos-centroamericanos-y-del-caribe\/","title":{"rendered":"Entregan personer\u00eda jur\u00eddica para Juegos Centroamericanos y del Caribe"},"content":{"rendered":"<p>\nEl Instituto Paname\u00f1o de Deportes otorg\u00f3 la personer\u00eda jur\u00eddica del Comit\u00e9 Organizador de los XXIV Juegos Centroamericanos y del Caribe Panam\u00e1 2002, la cual fue protocolizada y consta debidamente inscrita en el Registro P\u00fablico de Panam\u00e1 desde el 3 de mayo de 2017. <\/p>\n<p>Este hecho pone a nuestro pa\u00eds en pleno cumplimiento con el Estatuto de la Organizaci\u00f3n Deportiva Centroamericana y del Caribe (ODECABE), que establece que este Comit\u00e9 Organizador debe conformarse dentro de los 90 d\u00edas posteriores a la asignaci\u00f3n de la sede. <\/p>\n<p>La Junta Directiva del Comit\u00e9 Organizador PANAM\u00c1 2022, estar\u00e1 inicialmente conformada por: <\/p>\n<p>El Presidente de la Rep\u00fablica o un representante designado por este. <\/p>\n<p>\u00a0 <\/p>\n<p>&#8211; El Director General de PANDEPORTES o su representante. <\/p>\n<p>&#8211; El Alcalde del Municipio de Panam\u00e1 o su representante. <\/p>\n<p>&#8211; El Presidente del Comit\u00e9 Ol\u00edmpico o su representante <\/p>\n<p>&#8211; Un Atleta de destacada trayectoria designado por el Comit\u00e9 Ol\u00edmpico de Panam\u00e1 <\/p>\n<p>&#8211; Un representante de la Organizaci\u00f3n Deportiva Centroamericana y del Caribe (ODECABE) <\/p>\n<p>El Presidente del Comit\u00e9 Organizador PANAM\u00c1 2022 deber\u00e1 ser escogido por los miembros anteriores, a trav\u00e9s de un concurso p\u00fablico, con la intenci\u00f3n de revestir este proceso de designaci\u00f3n de la mayor transparencia posible. <\/p>\n<p>En los pr\u00f3ximos d\u00edas, estaremos trabajando en coordinar las agendas de los miembros de la Junta Directiva y establecer as\u00ed la fecha de la primera reuni\u00f3n, que dar\u00e1 inicio formal a un camino lleno de trabajo hacia esta hist\u00f3rica cita deportiva. <\/p>\n<p>\u00a0 <\/p>\n","protected":false},"excerpt":{"rendered":"<p>El Instituto Paname\u00f1o de Deportes otorg\u00f3 la personer\u00eda jur\u00eddica del <a href=\"https:\/\/sertv.gob.pa\/nacionalfm\/entregan-personeria-juridica-para-juegos-centroamericanos-y-del-caribe\/\"> [&#8230;]<\/a><\/p>\n","protected":false},"author":1,"featured_media":20266,"comment_status":"closed","ping_status":"closed","sticky":false,"template":"","format":"standard","meta":{"footnotes":""},"categories":[4],"tags":[],"class_list":["post-20265","post","type-post","status-publish","format-standard","has-post-thumbnail","hentry","category-deportes"],"_links":{"self":[{"href":"https:\/\/sertv.gob.pa\/nacionalfm\/wp-json\/wp\/v2\/posts\/20265","targetHints":{"allow":["GET"]}}],"collection":[{"href":"https:\/\/sertv.gob.pa\/nacionalfm\/wp-json\/wp\/v2\/posts"}],"about":[{"href":"https:\/\/sertv.gob.pa\/nacionalfm\/wp-json\/wp\/v2\/types\/post"}],"author":[{"embeddable":true,"href":"https:\/\/sertv.gob.pa\/nacionalfm\/wp-json\/wp\/v2\/users\/1"}],"replies":[{"embeddable":true,"href":"https:\/\/sertv.gob.pa\/nacionalfm\/wp-json\/wp\/v2\/comments?post=20265"}],"version-history":[{"count":0,"href":"https:\/\/sertv.gob.pa\/nacionalfm\/wp-json\/wp\/v2\/posts\/20265\/revisions"}],"wp:featuredmedia":[{"embeddable":true,"href":"https:\/\/sertv.gob.pa\/nacionalfm\/wp-json\/wp\/v2\/media\/20266"}],"wp:attachment":[{"href":"https:\/\/sertv.gob.pa\/nacionalfm\/wp-json\/wp\/v2\/media?parent=20265"}],"wp:term":[{"taxonomy":"category","embeddable":true,"href":"https:\/\/sertv.gob.pa\/nacionalfm\/wp-json\/wp\/v2\/categories?post=20265"},{"taxonomy":"post_tag","embeddable":true,"href":"https:\/\/sertv.gob.pa\/nacionalfm\/wp-json\/wp\/v2\/tags?post=20265"}],"curies":[{"name":"wp","href":"https:\/\/api.w.org\/{rel}","templated":true}]}}