{"id":20271,"date":"2017-05-08T16:39:29","date_gmt":"2017-05-08T16:39:29","guid":{"rendered":""},"modified":"2017-05-08T16:39:29","modified_gmt":"2017-05-08T16:39:29","slug":"presidente-varela-participa-en-vii-maraton-hacienda-san-isidro","status":"publish","type":"post","link":"https:\/\/sertv.gob.pa\/nacionalfm\/presidente-varela-participa-en-vii-maraton-hacienda-san-isidro\/","title":{"rendered":"Presidente Varela participa en VII \u00bd Marat\u00f3n Hacienda San Isidro"},"content":{"rendered":"<p>\n La \u00bd Marat\u00f3n Hacienda San Isidro que se realiz\u00f3 en el distrito de Pes\u00e9, provincia de Herrera, como es ya tradicional, cont\u00f3 con la participaci\u00f3n del Presidente de la Rep\u00fablica de Panam\u00e1 Juan Carlos Varela quien comparti\u00f3 con los m\u00e1s de 1,500 aficionados y atletas profesionales que se dieron cita a este evento deportivo, en el distrito de Pes\u00e9, provincia de Herrera.  <\/p>\n<p> Este evento que inici\u00f3 en 2011, en el que no solo disfruta del deporte sino tambi\u00e9n de la naturaleza, busca apoyar el crecimiento cultural y tur\u00edstico de la regi\u00f3n de Azuero, a trav\u00e9s del deporte.  <\/p>\n<p> Varela destac\u00f3 que los fondos que se recolectan en esta marat\u00f3n, como todos los a\u00f1os, son donados a\u00a0 Olimpiadas Especiales\u00a0 Panam\u00e1, con el prop\u00f3sito de que sigan impulsando los programas que desarrolla esta\u00a0 organizaci\u00f3n en la regi\u00f3n de Azuero.  <\/p>\n","protected":false},"excerpt":{"rendered":"<p>La \u00bd Marat\u00f3n Hacienda San Isidro que se realiz\u00f3 en <a href=\"https:\/\/sertv.gob.pa\/nacionalfm\/presidente-varela-participa-en-vii-maraton-hacienda-san-isidro\/\"> [&#8230;]<\/a><\/p>\n","protected":false},"author":1,"featured_media":20272,"comment_status":"closed","ping_status":"closed","sticky":false,"template":"","format":"standard","meta":{"footnotes":""},"categories":[4],"tags":[],"class_list":["post-20271","post","type-post","status-publish","format-standard","has-post-thumbnail","hentry","category-deportes"],"_links":{"self":[{"href":"https:\/\/sertv.gob.pa\/nacionalfm\/wp-json\/wp\/v2\/posts\/20271","targetHints":{"allow":["GET"]}}],"collection":[{"href":"https:\/\/sertv.gob.pa\/nacionalfm\/wp-json\/wp\/v2\/posts"}],"about":[{"href":"https:\/\/sertv.gob.pa\/nacionalfm\/wp-json\/wp\/v2\/types\/post"}],"author":[{"embeddable":true,"href":"https:\/\/sertv.gob.pa\/nacionalfm\/wp-json\/wp\/v2\/users\/1"}],"replies":[{"embeddable":true,"href":"https:\/\/sertv.gob.pa\/nacionalfm\/wp-json\/wp\/v2\/comments?post=20271"}],"version-history":[{"count":0,"href":"https:\/\/sertv.gob.pa\/nacionalfm\/wp-json\/wp\/v2\/posts\/20271\/revisions"}],"wp:featuredmedia":[{"embeddable":true,"href":"https:\/\/sertv.gob.pa\/nacionalfm\/wp-json\/wp\/v2\/media\/20272"}],"wp:attachment":[{"href":"https:\/\/sertv.gob.pa\/nacionalfm\/wp-json\/wp\/v2\/media?parent=20271"}],"wp:term":[{"taxonomy":"category","embeddable":true,"href":"https:\/\/sertv.gob.pa\/nacionalfm\/wp-json\/wp\/v2\/categories?post=20271"},{"taxonomy":"post_tag","embeddable":true,"href":"https:\/\/sertv.gob.pa\/nacionalfm\/wp-json\/wp\/v2\/tags?post=20271"}],"curies":[{"name":"wp","href":"https:\/\/api.w.org\/{rel}","templated":true}]}}