{"id":20273,"date":"2017-05-08T17:01:08","date_gmt":"2017-05-08T17:01:08","guid":{"rendered":""},"modified":"2017-05-08T17:01:08","modified_gmt":"2017-05-08T17:01:08","slug":"coordinan-juegos-estudiantiles-nacionales-niveles-primario-intermedio-y-medio","status":"publish","type":"post","link":"https:\/\/sertv.gob.pa\/nacionalfm\/coordinan-juegos-estudiantiles-nacionales-niveles-primario-intermedio-y-medio\/","title":{"rendered":"Coordinan Juegos Estudiantiles Nacionales niveles primario, Intermedio y Medio"},"content":{"rendered":"<p>\nEl Ministerio de Educaci\u00f3n y el Instituto Paname\u00f1o de Deportes, coordinan como parte fundamental de la detecci\u00f3n y desarrollo del talento deportivo de Panam\u00e1, la celebraci\u00f3n de los Juegos Estudiantiles (JUDEN) en los niveles Primario, Intermedio y Medio. <\/p>\n<p>La realizaci\u00f3n de los JUDEN se dan en base a las representaciones de las 18 zonas a nivel nacional, como son Bocas del Toro, Cocl\u00e9, Col\u00f3n, Comarca Ember\u00e1-Wounaan, Comarca Ng\u00e4be Bugl\u00e9, Comarca Guna Yala, Chiriqu\u00ed, Dari\u00e9n, Herrera, Los Santos, Panam\u00e1 Norte, Panam\u00e1 Oeste, Panam\u00e1 Centro, Panam\u00e1 Este, San Miguelito y Veraguas. <\/p>\n<p>Dentro de la programaci\u00f3n de estas justas estudiantiles la primera en iniciar actividad es el Primario, que en este a\u00f1o no tendr\u00e1 evento internacional, al declinar Costa Rica la organizaci\u00f3n de esta categor\u00eda dentro de los Juegos del Codicader. <\/p>\n<p>Pero la justa nacional del nivel Primario se efectuar\u00e1 del 14 al 22 de este mes de mayo, en las ramas femenina y masculina en las disciplinas de ajedrez, mini baloncesto, b\u00e9isbol, f\u00fatbol 7, gimnasia, kid athletic, karate, nataci\u00f3n, tenis de mesa y mini voleibol. <\/p>\n<p>Dentro de la agenda establecida por Meduca y PANDEPORTES el nacional Intermedio se realizar\u00e1 del 2 al 13 de julio y ser\u00e1n la base para la conformaci\u00f3n de la delegaci\u00f3n de Panam\u00e1 para los Juegos del CODICADER a celebrarse en Honduras del 20 al 28 de agosto. <\/p>\n<p>Igualmente el nacional del nivel Medio entre el 10 y 21 de agosto para la escogencia de los abanderados de Panam\u00e1 a los JEDECAC del 19 al 29 de septiembre en Venezuela. <\/p>\n<p>El 14 de mayo ser\u00e1 la llegada de las delegaciones del interior y reuniones t\u00e9cnicas y las competencias iniciar\u00e1n a partir del lunes 15. El acto inaugural est\u00e1 programado para el martes 16 de mayo a las 4:00 de la tarde en la Arena Roberto Dur\u00e1n. <\/p>\n<p>\u00a0 <\/p>\n","protected":false},"excerpt":{"rendered":"<p>El Ministerio de Educaci\u00f3n y el Instituto Paname\u00f1o de Deportes, <a href=\"https:\/\/sertv.gob.pa\/nacionalfm\/coordinan-juegos-estudiantiles-nacionales-niveles-primario-intermedio-y-medio\/\"> [&#8230;]<\/a><\/p>\n","protected":false},"author":1,"featured_media":20274,"comment_status":"closed","ping_status":"closed","sticky":false,"template":"","format":"standard","meta":{"footnotes":""},"categories":[4],"tags":[],"class_list":["post-20273","post","type-post","status-publish","format-standard","has-post-thumbnail","hentry","category-deportes"],"_links":{"self":[{"href":"https:\/\/sertv.gob.pa\/nacionalfm\/wp-json\/wp\/v2\/posts\/20273","targetHints":{"allow":["GET"]}}],"collection":[{"href":"https:\/\/sertv.gob.pa\/nacionalfm\/wp-json\/wp\/v2\/posts"}],"about":[{"href":"https:\/\/sertv.gob.pa\/nacionalfm\/wp-json\/wp\/v2\/types\/post"}],"author":[{"embeddable":true,"href":"https:\/\/sertv.gob.pa\/nacionalfm\/wp-json\/wp\/v2\/users\/1"}],"replies":[{"embeddable":true,"href":"https:\/\/sertv.gob.pa\/nacionalfm\/wp-json\/wp\/v2\/comments?post=20273"}],"version-history":[{"count":0,"href":"https:\/\/sertv.gob.pa\/nacionalfm\/wp-json\/wp\/v2\/posts\/20273\/revisions"}],"wp:featuredmedia":[{"embeddable":true,"href":"https:\/\/sertv.gob.pa\/nacionalfm\/wp-json\/wp\/v2\/media\/20274"}],"wp:attachment":[{"href":"https:\/\/sertv.gob.pa\/nacionalfm\/wp-json\/wp\/v2\/media?parent=20273"}],"wp:term":[{"taxonomy":"category","embeddable":true,"href":"https:\/\/sertv.gob.pa\/nacionalfm\/wp-json\/wp\/v2\/categories?post=20273"},{"taxonomy":"post_tag","embeddable":true,"href":"https:\/\/sertv.gob.pa\/nacionalfm\/wp-json\/wp\/v2\/tags?post=20273"}],"curies":[{"name":"wp","href":"https:\/\/api.w.org\/{rel}","templated":true}]}}