{"id":20277,"date":"2017-05-08T17:57:13","date_gmt":"2017-05-08T17:57:13","guid":{"rendered":""},"modified":"2017-05-08T17:57:13","modified_gmt":"2017-05-08T17:57:13","slug":"consejos-para-minimizar-los-danos-en-los-oidos","status":"publish","type":"post","link":"https:\/\/sertv.gob.pa\/nacionalfm\/consejos-para-minimizar-los-danos-en-los-oidos\/","title":{"rendered":"Consejos para minimizar los da\u00f1os en los o\u00eddos"},"content":{"rendered":"<p>\nDurante los \u00faltimos a\u00f1os  los problemas de audici\u00f3n se han incrementado  considerablemente, sobre todo entre los j\u00f3venes, por motivos que podr\u00edan estar relacionados con el uso de auriculares.\u00a0 <\/p>\n<p>Estos da\u00f1os se producen cada vez a edades m\u00e1s tempranas y en todo el mundo se calcula que hay alrededor de cien millones de personas que presentan s\u00edntomas de sordera. La regeneraci\u00f3n natural de la audici\u00f3n dura unos tres meses <\/p>\n<p>Para evitar los da\u00f1os en el o\u00eddo se recomienda no escuchar m\u00fasica por encima de los 80 o 85 decibelios y evitar el uso de auriculares en la medida de lo posible.\u00a0 <\/p>\n<p>Adem\u00e1s, es aconsejable no exponerse prolongadamente al ruido,  tomando ciertos descansos cada dos o tres horas,  buscando un lugar silencioso, para que la membrana del t\u00edmpano se relaje y no sufra tanto. Si no es posible hacer alguna de estas pausas, la soluci\u00f3n ser\u00eda el uso de tapones. <\/p>\n<p>\u00a0 <\/p>\n","protected":false},"excerpt":{"rendered":"<p>Durante los \u00faltimos a\u00f1os los problemas de audici\u00f3n se han <a href=\"https:\/\/sertv.gob.pa\/nacionalfm\/consejos-para-minimizar-los-danos-en-los-oidos\/\"> [&#8230;]<\/a><\/p>\n","protected":false},"author":1,"featured_media":20278,"comment_status":"closed","ping_status":"closed","sticky":false,"template":"","format":"standard","meta":{"footnotes":""},"categories":[5],"tags":[],"class_list":["post-20277","post","type-post","status-publish","format-standard","has-post-thumbnail","hentry","category-salud"],"_links":{"self":[{"href":"https:\/\/sertv.gob.pa\/nacionalfm\/wp-json\/wp\/v2\/posts\/20277","targetHints":{"allow":["GET"]}}],"collection":[{"href":"https:\/\/sertv.gob.pa\/nacionalfm\/wp-json\/wp\/v2\/posts"}],"about":[{"href":"https:\/\/sertv.gob.pa\/nacionalfm\/wp-json\/wp\/v2\/types\/post"}],"author":[{"embeddable":true,"href":"https:\/\/sertv.gob.pa\/nacionalfm\/wp-json\/wp\/v2\/users\/1"}],"replies":[{"embeddable":true,"href":"https:\/\/sertv.gob.pa\/nacionalfm\/wp-json\/wp\/v2\/comments?post=20277"}],"version-history":[{"count":0,"href":"https:\/\/sertv.gob.pa\/nacionalfm\/wp-json\/wp\/v2\/posts\/20277\/revisions"}],"wp:featuredmedia":[{"embeddable":true,"href":"https:\/\/sertv.gob.pa\/nacionalfm\/wp-json\/wp\/v2\/media\/20278"}],"wp:attachment":[{"href":"https:\/\/sertv.gob.pa\/nacionalfm\/wp-json\/wp\/v2\/media?parent=20277"}],"wp:term":[{"taxonomy":"category","embeddable":true,"href":"https:\/\/sertv.gob.pa\/nacionalfm\/wp-json\/wp\/v2\/categories?post=20277"},{"taxonomy":"post_tag","embeddable":true,"href":"https:\/\/sertv.gob.pa\/nacionalfm\/wp-json\/wp\/v2\/tags?post=20277"}],"curies":[{"name":"wp","href":"https:\/\/api.w.org\/{rel}","templated":true}]}}