{"id":2028,"date":"2014-10-13T05:00:00","date_gmt":"2014-10-13T05:00:00","guid":{"rendered":""},"modified":"2014-10-13T05:00:00","modified_gmt":"2014-10-13T05:00:00","slug":"en-china-experto-pide-mejorar-control-de-hepatitis-c","status":"publish","type":"post","link":"https:\/\/sertv.gob.pa\/nacionalfm\/en-china-experto-pide-mejorar-control-de-hepatitis-c\/","title":{"rendered":"En China, experto pide mejorar control de hepatitis C"},"content":{"rendered":"<p>\nEn China, un experto en enfermedades hep\u00e1ticas se\u00f1al\u00f3 que la poblaci\u00f3n contagiada con el virus de la hepatitis C ha estado aumentando sin parar en los \u00faltimos a\u00f1os ya que no ha sido bien tratada. <\/p>\n<p>El Centro para la Prevenci\u00f3n y Control de Enfermedades de China (CDC, por sus siglas en ingl\u00e9s) report\u00f3 m\u00e1s de 200 mil nuevos casos del virus de la hepatitis C en 2013. <\/p>\n<p>Sin embargo, una encuesta mostr\u00f3 que \u00fanicamente el 38% de la gente ha o\u00eddo de esta enfermedad, expres\u00f3 Duan Zhongping, subdirector del Hospital Youan de Beijing, uno de los mejores hospitales de China para el tratamiento de enfermedades contagiosas. <\/p>\n<p>Se estima que hay 40 millones de portadores del virus de la hepatitis C en China, de los cuales entre 10 y 30% podr\u00edan desarrollar cirrosis hep\u00e1tica o incluso c\u00e1ncer de h\u00edgado si no reciben un tratamiento oportuno y adecuado, indic\u00f3 Duan. <\/p>\n<p>\u00a0 <\/p>\n","protected":false},"excerpt":{"rendered":"<p>En China, un experto en enfermedades hep\u00e1ticas se\u00f1al\u00f3 que la <a href=\"https:\/\/sertv.gob.pa\/nacionalfm\/en-china-experto-pide-mejorar-control-de-hepatitis-c\/\"> [&#8230;]<\/a><\/p>\n","protected":false},"author":1,"featured_media":2029,"comment_status":"closed","ping_status":"closed","sticky":false,"template":"","format":"standard","meta":{"footnotes":""},"categories":[5],"tags":[],"class_list":["post-2028","post","type-post","status-publish","format-standard","has-post-thumbnail","hentry","category-salud"],"_links":{"self":[{"href":"https:\/\/sertv.gob.pa\/nacionalfm\/wp-json\/wp\/v2\/posts\/2028","targetHints":{"allow":["GET"]}}],"collection":[{"href":"https:\/\/sertv.gob.pa\/nacionalfm\/wp-json\/wp\/v2\/posts"}],"about":[{"href":"https:\/\/sertv.gob.pa\/nacionalfm\/wp-json\/wp\/v2\/types\/post"}],"author":[{"embeddable":true,"href":"https:\/\/sertv.gob.pa\/nacionalfm\/wp-json\/wp\/v2\/users\/1"}],"replies":[{"embeddable":true,"href":"https:\/\/sertv.gob.pa\/nacionalfm\/wp-json\/wp\/v2\/comments?post=2028"}],"version-history":[{"count":0,"href":"https:\/\/sertv.gob.pa\/nacionalfm\/wp-json\/wp\/v2\/posts\/2028\/revisions"}],"wp:featuredmedia":[{"embeddable":true,"href":"https:\/\/sertv.gob.pa\/nacionalfm\/wp-json\/wp\/v2\/media\/2029"}],"wp:attachment":[{"href":"https:\/\/sertv.gob.pa\/nacionalfm\/wp-json\/wp\/v2\/media?parent=2028"}],"wp:term":[{"taxonomy":"category","embeddable":true,"href":"https:\/\/sertv.gob.pa\/nacionalfm\/wp-json\/wp\/v2\/categories?post=2028"},{"taxonomy":"post_tag","embeddable":true,"href":"https:\/\/sertv.gob.pa\/nacionalfm\/wp-json\/wp\/v2\/tags?post=2028"}],"curies":[{"name":"wp","href":"https:\/\/api.w.org\/{rel}","templated":true}]}}