{"id":20283,"date":"2017-05-08T21:39:32","date_gmt":"2017-05-08T21:39:32","guid":{"rendered":""},"modified":"2017-05-08T21:39:32","modified_gmt":"2017-05-08T21:39:32","slug":"real-madrid-y-fundacion-mapfre-renuevan-alianza","status":"publish","type":"post","link":"https:\/\/sertv.gob.pa\/nacionalfm\/real-madrid-y-fundacion-mapfre-renuevan-alianza\/","title":{"rendered":"Real Madrid y Fundaci\u00f3n MAPFRE renuevan alianza"},"content":{"rendered":"<p>\nEl presidente del Real Madrid Florentino P\u00e9rez y Antonio Huertas, presidente de la Fundaci\u00f3n MAPFRE, rubricaron su firma para la renovaci\u00f3n de la alianza entre ambas entidades en el Santiago Bernab\u00e9u para el fin del desarrollo de proyectos sociodeportivos, por s\u00e9ptima temporada consecutiva. <\/p>\n<p>Este acuerdo entre ambas fundaciones beneficia a m\u00e1s de 2.000 ni\u00f1os y ni\u00f1as en los proyectos que la Fundaci\u00f3n Real Madrid desarrolla con diferentes ONG en el continente americano y Filipinas, entre los pa\u00edses del continente americano se encuentra Panam\u00e1. <\/p>\n<p>Estas personas, con edades comprendidas entre los 5 y los 18 a\u00f1os, reciben alimentaci\u00f3n, atenci\u00f3n m\u00e9dica, y educaci\u00f3n en valores a trav\u00e9s del deporte, especialmente f\u00fatbol, lo que permite fomentar una vida sana, asegurar su escolarizaci\u00f3n, ayudarles a encontrar un trabajo digno en el futuro y sacarles del c\u00edrculo de pobreza en el que viven. <\/p>\n<p>Cada proyecto de la Fundaci\u00f3n Real Madrid con el apoyo de la Fundaci\u00f3n Mapfre se realiza durante la temporada con la colaboraci\u00f3n sobre el terreno de Misiones Salesianas en Brasil y Rep. Dominicana; la Fundaci\u00f3n International Studies en EEUU; CESAL en Paraguay, Per\u00fa y M\u00e9xico; la Fundaci\u00f3n Amigos del Real Madrid en El Salvador y Panam\u00e1; la ONG Anakk-Sta. Cruz en Islas Filipinas. <\/p>\n<p>La renovaci\u00f3n de la colaboraci\u00f3n entre ambas entidades supone la consolidaci\u00f3n de una alianza que permite que el deporte se convierta en catalizador del cambio social para miles de ni\u00f1os en el mundo. <\/p>\n<p>Ambas fundaciones persiguen el objetivo de contribuir a la mejora de la calidad de vida de las personas y al progreso de la sociedad mediante programas y actividades internacionales. En el caso de la Fundaci\u00f3n Real Madrid, lo consiguen utilizando el deporte como herramienta de educaci\u00f3n en valores y cooperaci\u00f3n con proyectos en 75 pa\u00edses de los cinco continentes. <\/p>\n<p>\u00a0 <\/p>\n<p>\u00a0 <\/p>\n","protected":false},"excerpt":{"rendered":"<p>El presidente del Real Madrid Florentino P\u00e9rez y Antonio Huertas, <a href=\"https:\/\/sertv.gob.pa\/nacionalfm\/real-madrid-y-fundacion-mapfre-renuevan-alianza\/\"> [&#8230;]<\/a><\/p>\n","protected":false},"author":1,"featured_media":20284,"comment_status":"closed","ping_status":"closed","sticky":false,"template":"","format":"standard","meta":{"footnotes":""},"categories":[4],"tags":[],"class_list":["post-20283","post","type-post","status-publish","format-standard","has-post-thumbnail","hentry","category-deportes"],"_links":{"self":[{"href":"https:\/\/sertv.gob.pa\/nacionalfm\/wp-json\/wp\/v2\/posts\/20283","targetHints":{"allow":["GET"]}}],"collection":[{"href":"https:\/\/sertv.gob.pa\/nacionalfm\/wp-json\/wp\/v2\/posts"}],"about":[{"href":"https:\/\/sertv.gob.pa\/nacionalfm\/wp-json\/wp\/v2\/types\/post"}],"author":[{"embeddable":true,"href":"https:\/\/sertv.gob.pa\/nacionalfm\/wp-json\/wp\/v2\/users\/1"}],"replies":[{"embeddable":true,"href":"https:\/\/sertv.gob.pa\/nacionalfm\/wp-json\/wp\/v2\/comments?post=20283"}],"version-history":[{"count":0,"href":"https:\/\/sertv.gob.pa\/nacionalfm\/wp-json\/wp\/v2\/posts\/20283\/revisions"}],"wp:featuredmedia":[{"embeddable":true,"href":"https:\/\/sertv.gob.pa\/nacionalfm\/wp-json\/wp\/v2\/media\/20284"}],"wp:attachment":[{"href":"https:\/\/sertv.gob.pa\/nacionalfm\/wp-json\/wp\/v2\/media?parent=20283"}],"wp:term":[{"taxonomy":"category","embeddable":true,"href":"https:\/\/sertv.gob.pa\/nacionalfm\/wp-json\/wp\/v2\/categories?post=20283"},{"taxonomy":"post_tag","embeddable":true,"href":"https:\/\/sertv.gob.pa\/nacionalfm\/wp-json\/wp\/v2\/tags?post=20283"}],"curies":[{"name":"wp","href":"https:\/\/api.w.org\/{rel}","templated":true}]}}