{"id":20285,"date":"2017-05-08T22:28:26","date_gmt":"2017-05-08T22:28:26","guid":{"rendered":""},"modified":"2017-05-08T22:28:26","modified_gmt":"2017-05-08T22:28:26","slug":"el-bufalo-sanchez-a-dos-libras-de-su-peso","status":"publish","type":"post","link":"https:\/\/sertv.gob.pa\/nacionalfm\/el-bufalo-sanchez-a-dos-libras-de-su-peso\/","title":{"rendered":"\u201cEl B\u00fafalo\u201d S\u00e1nchez a dos libras de su peso"},"content":{"rendered":"<p>\nEl p\u00fagil capitalino Jorge &ldquo;El B\u00fafalo&rdquo; S\u00e1nchez se encuentra\u00a0 a dos libras del peso, a falta a\u00fan dos semanas aproximadamente para su encuentro pactado a 126 libras ante el clasificado mundial de los pesos plumas, el chiricano Bryan &ldquo;La Roca&rdquo; De Gracia. <\/p>\n<p>El p\u00fagil manifest\u00f3 que se encuentra en \u00f3ptimas condiciones, y que el trabajo ya est\u00e1 hecho, solo queda mantenerse y trabajar los \u00faltimos detalles. <\/p>\n<p>S\u00e1nchez y De Gracia se enfrentar\u00e1n en el combate de estelar de la funci\u00f3n &ldquo;Guerra Civil&rdquo; el pr\u00f3ximo 18 de mayo en el Fantastic Casino de Albrook Mall. <\/p>\n","protected":false},"excerpt":{"rendered":"<p>El p\u00fagil capitalino Jorge &ldquo;El B\u00fafalo&rdquo; S\u00e1nchez se encuentra\u00a0 a <a href=\"https:\/\/sertv.gob.pa\/nacionalfm\/el-bufalo-sanchez-a-dos-libras-de-su-peso\/\"> [&#8230;]<\/a><\/p>\n","protected":false},"author":1,"featured_media":20286,"comment_status":"closed","ping_status":"closed","sticky":false,"template":"","format":"standard","meta":{"footnotes":""},"categories":[4],"tags":[],"class_list":["post-20285","post","type-post","status-publish","format-standard","has-post-thumbnail","hentry","category-deportes"],"_links":{"self":[{"href":"https:\/\/sertv.gob.pa\/nacionalfm\/wp-json\/wp\/v2\/posts\/20285","targetHints":{"allow":["GET"]}}],"collection":[{"href":"https:\/\/sertv.gob.pa\/nacionalfm\/wp-json\/wp\/v2\/posts"}],"about":[{"href":"https:\/\/sertv.gob.pa\/nacionalfm\/wp-json\/wp\/v2\/types\/post"}],"author":[{"embeddable":true,"href":"https:\/\/sertv.gob.pa\/nacionalfm\/wp-json\/wp\/v2\/users\/1"}],"replies":[{"embeddable":true,"href":"https:\/\/sertv.gob.pa\/nacionalfm\/wp-json\/wp\/v2\/comments?post=20285"}],"version-history":[{"count":0,"href":"https:\/\/sertv.gob.pa\/nacionalfm\/wp-json\/wp\/v2\/posts\/20285\/revisions"}],"wp:featuredmedia":[{"embeddable":true,"href":"https:\/\/sertv.gob.pa\/nacionalfm\/wp-json\/wp\/v2\/media\/20286"}],"wp:attachment":[{"href":"https:\/\/sertv.gob.pa\/nacionalfm\/wp-json\/wp\/v2\/media?parent=20285"}],"wp:term":[{"taxonomy":"category","embeddable":true,"href":"https:\/\/sertv.gob.pa\/nacionalfm\/wp-json\/wp\/v2\/categories?post=20285"},{"taxonomy":"post_tag","embeddable":true,"href":"https:\/\/sertv.gob.pa\/nacionalfm\/wp-json\/wp\/v2\/tags?post=20285"}],"curies":[{"name":"wp","href":"https:\/\/api.w.org\/{rel}","templated":true}]}}