{"id":20323,"date":"2017-05-10T15:06:30","date_gmt":"2017-05-10T15:06:30","guid":{"rendered":""},"modified":"2017-05-10T15:06:30","modified_gmt":"2017-05-10T15:06:30","slug":"dedican-guantes-de-oro-a-rigoberto-garibaldi","status":"publish","type":"post","link":"https:\/\/sertv.gob.pa\/nacionalfm\/dedican-guantes-de-oro-a-rigoberto-garibaldi\/","title":{"rendered":"Dedican Guantes de Oro a Rigoberto Garibaldi"},"content":{"rendered":"<p>\nLa Federaci\u00f3n de Boxeo Ol\u00edmpico de Panam\u00e1 que preside el doctor Tom\u00e1s Cianca, anunci\u00f3 en conferencia de prensa que del 17 de mayo al 20 se llevar\u00e1 a cabo El Campeonato Nacional Guantes de Oro en su versi\u00f3n XLIII, en San Miguelito, espec\u00edficamente en el gimnasio Orlando Winter, el evento ser\u00e1 dedicado a Rigoberto Garibaldi quien gan\u00f3 medalla de bronce en el Campeonato Mundial de Boxeo en la Habana, Cuba en 1974. <\/p>\n<p>\u00a0 \u00a0 \u00a0 \u00a0 \u00a0 \u00a0 \u00a0 \u00a0 \u00a0 \u00a0 \u00a0 \u00a0 \u00a0 \u00a0 \u00a0 \u00a0 \u00a0 \u00a0 \u00a0 \u00a0 \u00a0 \u00a0 \u00a0 \u00a0 \u00a0 \u00a0 \u00a0 \u00a0 \u00a0 \u00a0 \u00a0 \u00a0 \u00a0 \u00a0 \u00a0 \u00a0 \u00a0 \u00a0 \u00a0 \u00a0 \u00a0 \u00a0 \u00a0 \u00a0 \u00a0 \u00a0 \u00a0 \u00a0 \u00a0 \u00a0 \u00a0 \u00a0 \u00a0 \u00a0 \u00a0 \u00a0 \u00a0 \u00a0 \u00a0 \u00a0 \u00a0 \u00a0 \u00a0 \u00a0 \u00a0 \u00a0 \u00a0 \u00a0 \u00a0 \u00a0 \u00a0 \u00a0 \u00a0 \u00a0 \u00a0 \u00a0 \u00a0 \u00a0 \u00a0 \u00a0 \u00a0 \u00a0 \u00a0 \u00a0 \u00a0 \u00a0 \u00a0 \u00a0 \u00a0 \u00a0 \u00a0 \u00a0 \u00a0 \u00a0 \u00a0 \u00a0 \u00a0 \u00a0 \u00a0 \u00a0 \u00a0 \u00a0 \u00a0 \u00a0 \u00a0 \u00a0 \u00a0 \u00a0 \u00a0 \u00a0 \u00a0 \u00a0 \u00a0 \u00a0 \u00a0 \u00a0 \u00a0 \u00a0 \u00a0 \u00a0 \u00a0 \u00a0 \u00a0 \u00a0 \u00a0 \u00a0 \u00a0 \u00a0 \u00a0 \u00a0 \u00a0 \u00a0 \u00a0 \u00a0 \u00a0 \u00a0 \u00a0 \u00a0 \u00a0 \u00a0 \u00a0 \u00a0 \u00a0El campeonato contar\u00e1 con la participaci\u00f3n de 9 equipos de diversas provincias en la rama femenina y masculina. <\/p>\n<p>Las provincias participantes ser\u00e1n las de Bocas del Toro, Cocl\u00e9, Col\u00f3n, Chiriqu\u00ed, Los Santos, Panam\u00e1 Metro, Panam\u00e1 Oeste y como equipo invitado la Polic\u00eda Nacional. Las provincias de Herrera y Dari\u00e9n no participan por no haber renovado su junta directiva. <\/p>\n<p>El torneo es organizado por la Federaci\u00f3n de Boxeo Ol\u00edmpico de Panam\u00e1 con el patrocinio de la Alcald\u00eda de San Miguelito, el Instituto Paname\u00f1o de Deportes y el Restaurante y Pizzer\u00eda Giorgio\u00b4s. <\/p>\n<p>\u00a0 <\/p>\n","protected":false},"excerpt":{"rendered":"<p>La Federaci\u00f3n de Boxeo Ol\u00edmpico de Panam\u00e1 que preside el <a href=\"https:\/\/sertv.gob.pa\/nacionalfm\/dedican-guantes-de-oro-a-rigoberto-garibaldi\/\"> [&#8230;]<\/a><\/p>\n","protected":false},"author":1,"featured_media":20324,"comment_status":"closed","ping_status":"closed","sticky":false,"template":"","format":"standard","meta":{"footnotes":""},"categories":[4],"tags":[],"class_list":["post-20323","post","type-post","status-publish","format-standard","has-post-thumbnail","hentry","category-deportes"],"_links":{"self":[{"href":"https:\/\/sertv.gob.pa\/nacionalfm\/wp-json\/wp\/v2\/posts\/20323","targetHints":{"allow":["GET"]}}],"collection":[{"href":"https:\/\/sertv.gob.pa\/nacionalfm\/wp-json\/wp\/v2\/posts"}],"about":[{"href":"https:\/\/sertv.gob.pa\/nacionalfm\/wp-json\/wp\/v2\/types\/post"}],"author":[{"embeddable":true,"href":"https:\/\/sertv.gob.pa\/nacionalfm\/wp-json\/wp\/v2\/users\/1"}],"replies":[{"embeddable":true,"href":"https:\/\/sertv.gob.pa\/nacionalfm\/wp-json\/wp\/v2\/comments?post=20323"}],"version-history":[{"count":0,"href":"https:\/\/sertv.gob.pa\/nacionalfm\/wp-json\/wp\/v2\/posts\/20323\/revisions"}],"wp:featuredmedia":[{"embeddable":true,"href":"https:\/\/sertv.gob.pa\/nacionalfm\/wp-json\/wp\/v2\/media\/20324"}],"wp:attachment":[{"href":"https:\/\/sertv.gob.pa\/nacionalfm\/wp-json\/wp\/v2\/media?parent=20323"}],"wp:term":[{"taxonomy":"category","embeddable":true,"href":"https:\/\/sertv.gob.pa\/nacionalfm\/wp-json\/wp\/v2\/categories?post=20323"},{"taxonomy":"post_tag","embeddable":true,"href":"https:\/\/sertv.gob.pa\/nacionalfm\/wp-json\/wp\/v2\/tags?post=20323"}],"curies":[{"name":"wp","href":"https:\/\/api.w.org\/{rel}","templated":true}]}}