{"id":20337,"date":"2017-05-10T18:41:03","date_gmt":"2017-05-10T18:41:03","guid":{"rendered":""},"modified":"2017-05-10T18:41:03","modified_gmt":"2017-05-10T18:41:03","slug":"inauguran-clinica-especializada-en-prevenir-falla-cardiaca","status":"publish","type":"post","link":"https:\/\/sertv.gob.pa\/nacionalfm\/inauguran-clinica-especializada-en-prevenir-falla-cardiaca\/","title":{"rendered":"Inauguran cl\u00ednica especializada en prevenir falla card\u00edaca"},"content":{"rendered":"<p>\nSe estima que entre el 1 y el 2% de la poblaci\u00f3n de 65 a 70 a\u00f1os de edad padece de insuficiencia card\u00edaca, mientras que el porcentaje aumenta a 10% entre los que superan los 70, expres\u00f3 Alfaro Marchena, presidente de la Sociedad Paname\u00f1a de Cardiolog\u00eda, en el marco del D\u00eda Mundial de la Insuficiencia Cardiaca. <\/p>\n<p>Explic\u00f3 que las principales causas de este mal son el infarto de miocardio y la hipertensi\u00f3n. En este sentido, hace tres meses se inaugur\u00f3 una cl\u00ednica especializada en prevenir estas afecciones. <\/p>\n<p>Libarato Gonz\u00e1lez, coordinador de la Cl\u00ednica de Falla Card\u00edaca de la CSS, manifest\u00f3 que se busca reducir el n\u00famero de hospitalizados, ya que en esta cl\u00ednica, en un d\u00eda, el paciente es evaluado por un cardi\u00f3logo, nutricionista, psic\u00f3logo, trabajadora social, arritmi\u00f3logo y el cirujano cardiovascular si es necesario. <\/p>\n<p>\u00a0 <\/p>\n<p>\u00a0 <\/p>\n","protected":false},"excerpt":{"rendered":"<p>Se estima que entre el 1 y el 2% de <a href=\"https:\/\/sertv.gob.pa\/nacionalfm\/inauguran-clinica-especializada-en-prevenir-falla-cardiaca\/\"> [&#8230;]<\/a><\/p>\n","protected":false},"author":1,"featured_media":20338,"comment_status":"closed","ping_status":"closed","sticky":false,"template":"","format":"standard","meta":{"footnotes":""},"categories":[5],"tags":[],"class_list":["post-20337","post","type-post","status-publish","format-standard","has-post-thumbnail","hentry","category-salud"],"_links":{"self":[{"href":"https:\/\/sertv.gob.pa\/nacionalfm\/wp-json\/wp\/v2\/posts\/20337","targetHints":{"allow":["GET"]}}],"collection":[{"href":"https:\/\/sertv.gob.pa\/nacionalfm\/wp-json\/wp\/v2\/posts"}],"about":[{"href":"https:\/\/sertv.gob.pa\/nacionalfm\/wp-json\/wp\/v2\/types\/post"}],"author":[{"embeddable":true,"href":"https:\/\/sertv.gob.pa\/nacionalfm\/wp-json\/wp\/v2\/users\/1"}],"replies":[{"embeddable":true,"href":"https:\/\/sertv.gob.pa\/nacionalfm\/wp-json\/wp\/v2\/comments?post=20337"}],"version-history":[{"count":0,"href":"https:\/\/sertv.gob.pa\/nacionalfm\/wp-json\/wp\/v2\/posts\/20337\/revisions"}],"wp:featuredmedia":[{"embeddable":true,"href":"https:\/\/sertv.gob.pa\/nacionalfm\/wp-json\/wp\/v2\/media\/20338"}],"wp:attachment":[{"href":"https:\/\/sertv.gob.pa\/nacionalfm\/wp-json\/wp\/v2\/media?parent=20337"}],"wp:term":[{"taxonomy":"category","embeddable":true,"href":"https:\/\/sertv.gob.pa\/nacionalfm\/wp-json\/wp\/v2\/categories?post=20337"},{"taxonomy":"post_tag","embeddable":true,"href":"https:\/\/sertv.gob.pa\/nacionalfm\/wp-json\/wp\/v2\/tags?post=20337"}],"curies":[{"name":"wp","href":"https:\/\/api.w.org\/{rel}","templated":true}]}}