{"id":2034,"date":"2014-10-13T05:00:00","date_gmt":"2014-10-13T05:00:00","guid":{"rendered":""},"modified":"2014-10-13T05:00:00","modified_gmt":"2014-10-13T05:00:00","slug":"dia-mundial-de-la-artritis","status":"publish","type":"post","link":"https:\/\/sertv.gob.pa\/nacionalfm\/dia-mundial-de-la-artritis\/","title":{"rendered":"D\u00eda mundial de la artritis"},"content":{"rendered":"<p>\nParece que cada enfermedad tiene su d\u00eda, pero esto no es un capricho de organizaciones. Es una forma de alertar y poner el foco sobre males que est\u00e1n destruyendo la calidad de vida de miles de personas en el mundo. <\/p>\n<p>Ayer domingo 12 de octubre, se record\u00f3 que la artritis es una enfermedad cr\u00f3nica. Seg\u00fan datos de la Organizaci\u00f3n Mundial de la Salud (OMS), alrededor del 30% de la poblaci\u00f3n mundial la sufre. Aunque las mujeres entre los 30 y 50 a\u00f1os parecen ser el grupo m\u00e1s castigado. Otro dato desalentador es que ya se conocen casos de ni\u00f1os y j\u00f3venes que la desarrollan a temprana edad. <\/p>\n<p>Entre sus s\u00edntomas est\u00e1n el dolor, la rigidez, la hinchaz\u00f3n y las limitaciones, tanto en la movilidad como en la funci\u00f3n de diversas articulaciones. <\/p>\n<p>Seg\u00fan el Centro M\u00e9dico de la Universidad de Maryland, la artritis es la inflamaci\u00f3n de una o m\u00e1s articulaciones. Una articulaci\u00f3n puede definirse como el \u00e1rea donde dos huesos se unen. Hoy se sabe que existen m\u00e1s de 100 tipos distintos de artritis. <\/p>\n<p>\u00a0 <\/p>\n","protected":false},"excerpt":{"rendered":"<p>Parece que cada enfermedad tiene su d\u00eda, pero esto no <a href=\"https:\/\/sertv.gob.pa\/nacionalfm\/dia-mundial-de-la-artritis\/\"> [&#8230;]<\/a><\/p>\n","protected":false},"author":1,"featured_media":2035,"comment_status":"closed","ping_status":"closed","sticky":false,"template":"","format":"standard","meta":{"footnotes":""},"categories":[5],"tags":[],"class_list":["post-2034","post","type-post","status-publish","format-standard","has-post-thumbnail","hentry","category-salud"],"_links":{"self":[{"href":"https:\/\/sertv.gob.pa\/nacionalfm\/wp-json\/wp\/v2\/posts\/2034","targetHints":{"allow":["GET"]}}],"collection":[{"href":"https:\/\/sertv.gob.pa\/nacionalfm\/wp-json\/wp\/v2\/posts"}],"about":[{"href":"https:\/\/sertv.gob.pa\/nacionalfm\/wp-json\/wp\/v2\/types\/post"}],"author":[{"embeddable":true,"href":"https:\/\/sertv.gob.pa\/nacionalfm\/wp-json\/wp\/v2\/users\/1"}],"replies":[{"embeddable":true,"href":"https:\/\/sertv.gob.pa\/nacionalfm\/wp-json\/wp\/v2\/comments?post=2034"}],"version-history":[{"count":0,"href":"https:\/\/sertv.gob.pa\/nacionalfm\/wp-json\/wp\/v2\/posts\/2034\/revisions"}],"wp:featuredmedia":[{"embeddable":true,"href":"https:\/\/sertv.gob.pa\/nacionalfm\/wp-json\/wp\/v2\/media\/2035"}],"wp:attachment":[{"href":"https:\/\/sertv.gob.pa\/nacionalfm\/wp-json\/wp\/v2\/media?parent=2034"}],"wp:term":[{"taxonomy":"category","embeddable":true,"href":"https:\/\/sertv.gob.pa\/nacionalfm\/wp-json\/wp\/v2\/categories?post=2034"},{"taxonomy":"post_tag","embeddable":true,"href":"https:\/\/sertv.gob.pa\/nacionalfm\/wp-json\/wp\/v2\/tags?post=2034"}],"curies":[{"name":"wp","href":"https:\/\/api.w.org\/{rel}","templated":true}]}}