{"id":20345,"date":"2017-05-10T21:49:02","date_gmt":"2017-05-10T21:49:02","guid":{"rendered":""},"modified":"2017-05-10T21:49:02","modified_gmt":"2017-05-10T21:49:02","slug":"tauro-en-busca-de-su-titulo-numero-13","status":"publish","type":"post","link":"https:\/\/sertv.gob.pa\/nacionalfm\/tauro-en-busca-de-su-titulo-numero-13\/","title":{"rendered":"Tauro en busca de su t\u00edtulo n\u00famero 13"},"content":{"rendered":"<p>\nEl Tauro FC que dirige el profesor Rolando Palma, espera seguir sumando marcas en el f\u00fatbol nacional ya que han logrado su segunda clasificaci\u00f3n a semifinal consecutivamente y buscan su decimotercer t\u00edtulo de la instituci\u00f3n, anotando 25 tantos en ronda regular, siendo el segundo equipo m\u00e1s goleador junto al \u00c1rabe Unido, y los terceros menos goleados con 16 goles recibidos.\u00a0 <\/p>\n<p>Los de Pedregal protagonizaron lo que puede llamarse el mejor partido de la ronda regular, derrotando al \u00c1rabe Unido en Col\u00f3n por marcador de 3-5 y remontando un marcador adverso de 3-1. <\/p>\n<p> Entre \u00a0Armando Polo, Carlos Sierra y Jos\u00e9 Mu\u00f1oz han anotado 12 de los 25 goles marcados por el Tauro en este Clausura 2017, siendo piezas fundamentales para clasificar al equipo a su segunda semifinal consecutiva.  <\/p>\n<p>\u00a0 <\/p>\n","protected":false},"excerpt":{"rendered":"<p>El Tauro FC que dirige el profesor Rolando Palma, espera <a href=\"https:\/\/sertv.gob.pa\/nacionalfm\/tauro-en-busca-de-su-titulo-numero-13\/\"> [&#8230;]<\/a><\/p>\n","protected":false},"author":1,"featured_media":20346,"comment_status":"closed","ping_status":"closed","sticky":false,"template":"","format":"standard","meta":{"footnotes":""},"categories":[4],"tags":[],"class_list":["post-20345","post","type-post","status-publish","format-standard","has-post-thumbnail","hentry","category-deportes"],"_links":{"self":[{"href":"https:\/\/sertv.gob.pa\/nacionalfm\/wp-json\/wp\/v2\/posts\/20345","targetHints":{"allow":["GET"]}}],"collection":[{"href":"https:\/\/sertv.gob.pa\/nacionalfm\/wp-json\/wp\/v2\/posts"}],"about":[{"href":"https:\/\/sertv.gob.pa\/nacionalfm\/wp-json\/wp\/v2\/types\/post"}],"author":[{"embeddable":true,"href":"https:\/\/sertv.gob.pa\/nacionalfm\/wp-json\/wp\/v2\/users\/1"}],"replies":[{"embeddable":true,"href":"https:\/\/sertv.gob.pa\/nacionalfm\/wp-json\/wp\/v2\/comments?post=20345"}],"version-history":[{"count":0,"href":"https:\/\/sertv.gob.pa\/nacionalfm\/wp-json\/wp\/v2\/posts\/20345\/revisions"}],"wp:featuredmedia":[{"embeddable":true,"href":"https:\/\/sertv.gob.pa\/nacionalfm\/wp-json\/wp\/v2\/media\/20346"}],"wp:attachment":[{"href":"https:\/\/sertv.gob.pa\/nacionalfm\/wp-json\/wp\/v2\/media?parent=20345"}],"wp:term":[{"taxonomy":"category","embeddable":true,"href":"https:\/\/sertv.gob.pa\/nacionalfm\/wp-json\/wp\/v2\/categories?post=20345"},{"taxonomy":"post_tag","embeddable":true,"href":"https:\/\/sertv.gob.pa\/nacionalfm\/wp-json\/wp\/v2\/tags?post=20345"}],"curies":[{"name":"wp","href":"https:\/\/api.w.org\/{rel}","templated":true}]}}