{"id":20365,"date":"2017-05-11T16:24:42","date_gmt":"2017-05-11T16:24:42","guid":{"rendered":""},"modified":"2017-05-11T16:24:42","modified_gmt":"2017-05-11T16:24:42","slug":"obesidad-abdominal-incrementa-el-riesgo-de-ictus-isquemico","status":"publish","type":"post","link":"https:\/\/sertv.gob.pa\/nacionalfm\/obesidad-abdominal-incrementa-el-riesgo-de-ictus-isquemico\/","title":{"rendered":"Obesidad abdominal incrementa el riesgo de ictus isqu\u00e9mico"},"content":{"rendered":"<p>\nLa obesidad abdominal aumenta el peligro de padecer un ictus isqu\u00e9mico, sobre todo en mujeres, mientras que un mayor \u00edndice de masa corporal act\u00faa como factor de protecci\u00f3n en los hombres, seg\u00fan un estudio liderado por el Hospital del Mar de Barcelona. <\/p>\n<p>Seg\u00fan el estudio, en el que participaron 388 pacientes con ictus y 732 voluntarios sanos y cuyos resultados publica la revista European Journal of Neurology, la obesidad abdominal constituir\u00eda una medida para predecir el riesgo de ictus isqu\u00e9mico m\u00e1s eficiente que el \u00edndice de masa corporal, sobre todo en las mujeres <\/p>\n<p>La investigaci\u00f3n estuvo liderada por los neur\u00f3logos del Hospital del Mar Ana Rodr\u00edguez y Jaume Roquer, investigadores igualmente del Instituto Hospital del Mar de Investigaciones M\u00e9dicas (IMIM), que concluyeron que las medidas de obesidad abdominal sirven para predecir el riesgo de sufrir un infarto cerebral. <\/p>\n<p>El infarto cerebral isqu\u00e9mico, o ictus isqu\u00e9mico, se produce cuando una parte del cerebro deja de recibir sangre s\u00fabitamente debido a la oclusi\u00f3n de alguna de sus arterias. <\/p>\n<p>Seg\u00fan los investigadores, entre los factores de riesgo est\u00e1n las interacciones ambientales, gen\u00e9ticas y sist\u00e9micas, como la obesidad, que afecta a un 22,8 % de los espa\u00f1oles y que se asocia a 28.000 decesos anuales en Espa\u00f1a. <\/p>\n<p>Roquer explic\u00f3 que generalmente las mujeres presentan un mayor porcentaje de grasa corporal, pero su acumulaci\u00f3n en la zona abdominal es mayor en los hombres y propone medir la obesidad abdominal en lugar de evaluar la grasa corporal global a trav\u00e9s del \u00edndice de masa corporal para predecir el riesgo de ictus. <\/p>\n<p>\u00abEl motivo es que el per\u00edmetro de cintura refleja mejor el grado de adiposidad que el \u00edndice de masa corporal, sobre todo en el sexo femenino\u00bb, detall\u00f3 Ana Rodr\u00edguez. \u00abLos datos estad\u00edsticos muestran que un mayor \u00edndice de masa corporal previene el riesgo de infarto cerebral en hombres, lo que concuerda con la denominada &#8216;paradoja de la obesidad&#8217;, que relaciona la obesidad con una menor mortalidad y recurrencia de ictus\u00bb, seg\u00fan Rodr\u00edguez. <\/p>\n<p>\u00a0 <\/p>\n","protected":false},"excerpt":{"rendered":"<p>La obesidad abdominal aumenta el peligro de padecer un ictus <a href=\"https:\/\/sertv.gob.pa\/nacionalfm\/obesidad-abdominal-incrementa-el-riesgo-de-ictus-isquemico\/\"> [&#8230;]<\/a><\/p>\n","protected":false},"author":1,"featured_media":20366,"comment_status":"closed","ping_status":"closed","sticky":false,"template":"","format":"standard","meta":{"footnotes":""},"categories":[5],"tags":[],"class_list":["post-20365","post","type-post","status-publish","format-standard","has-post-thumbnail","hentry","category-salud"],"_links":{"self":[{"href":"https:\/\/sertv.gob.pa\/nacionalfm\/wp-json\/wp\/v2\/posts\/20365","targetHints":{"allow":["GET"]}}],"collection":[{"href":"https:\/\/sertv.gob.pa\/nacionalfm\/wp-json\/wp\/v2\/posts"}],"about":[{"href":"https:\/\/sertv.gob.pa\/nacionalfm\/wp-json\/wp\/v2\/types\/post"}],"author":[{"embeddable":true,"href":"https:\/\/sertv.gob.pa\/nacionalfm\/wp-json\/wp\/v2\/users\/1"}],"replies":[{"embeddable":true,"href":"https:\/\/sertv.gob.pa\/nacionalfm\/wp-json\/wp\/v2\/comments?post=20365"}],"version-history":[{"count":0,"href":"https:\/\/sertv.gob.pa\/nacionalfm\/wp-json\/wp\/v2\/posts\/20365\/revisions"}],"wp:featuredmedia":[{"embeddable":true,"href":"https:\/\/sertv.gob.pa\/nacionalfm\/wp-json\/wp\/v2\/media\/20366"}],"wp:attachment":[{"href":"https:\/\/sertv.gob.pa\/nacionalfm\/wp-json\/wp\/v2\/media?parent=20365"}],"wp:term":[{"taxonomy":"category","embeddable":true,"href":"https:\/\/sertv.gob.pa\/nacionalfm\/wp-json\/wp\/v2\/categories?post=20365"},{"taxonomy":"post_tag","embeddable":true,"href":"https:\/\/sertv.gob.pa\/nacionalfm\/wp-json\/wp\/v2\/tags?post=20365"}],"curies":[{"name":"wp","href":"https:\/\/api.w.org\/{rel}","templated":true}]}}