{"id":20371,"date":"2017-05-11T17:43:05","date_gmt":"2017-05-11T17:43:05","guid":{"rendered":""},"modified":"2017-05-11T17:43:05","modified_gmt":"2017-05-11T17:43:05","slug":"la-roca-de-gracia-ha-realizado-90-asaltos-de-guanteo","status":"publish","type":"post","link":"https:\/\/sertv.gob.pa\/nacionalfm\/la-roca-de-gracia-ha-realizado-90-asaltos-de-guanteo\/","title":{"rendered":"\u201cLa Roca\u201d De Gracia ha realizado 90 asaltos de guanteo"},"content":{"rendered":"<p>\nEl p\u00fagil chiricano y clasificado mundial de los pesos plumas Bryan &ldquo;La Roca&rdquo; De Gracia, ha realizado 90 asaltos de guanteo y espera culminar con 100 \u00f3 110 m\u00e1s, con miras a su dif\u00edcil compromiso con Jorge &ldquo;El B\u00fafalo&rdquo; S\u00e1nchez, el pr\u00f3ximo jueves 18 de mayo en el Fantastic Casino de Albrook mall. <\/p>\n<p>El trabajo de sparring lo est\u00e1 realizando con Mario Hilbbert Jr. y con algunos p\u00fagiles aficionados que se preparan para el campeonato Guantes de Oro. <\/p>\n<p>El noveno clasificado de la Asociaci\u00f3n Mundial de Boxeo Bryan &ldquo;La Roca&rdquo; De Gracia se medir\u00e1 a Jorge &ldquo;El B\u00fafalo&rdquo; S\u00e1nchez en un encuentro pactado a 10 asaltos y 126 libras de peso en funci\u00f3n denominada &ldquo;Guerra Civil&rdquo;. <\/p>\n<p>\u00a0 <\/p>\n<p>\u00a0 <\/p>\n","protected":false},"excerpt":{"rendered":"<p>El p\u00fagil chiricano y clasificado mundial de los pesos plumas <a href=\"https:\/\/sertv.gob.pa\/nacionalfm\/la-roca-de-gracia-ha-realizado-90-asaltos-de-guanteo\/\"> [&#8230;]<\/a><\/p>\n","protected":false},"author":1,"featured_media":20372,"comment_status":"closed","ping_status":"closed","sticky":false,"template":"","format":"standard","meta":{"footnotes":""},"categories":[4],"tags":[],"class_list":["post-20371","post","type-post","status-publish","format-standard","has-post-thumbnail","hentry","category-deportes"],"_links":{"self":[{"href":"https:\/\/sertv.gob.pa\/nacionalfm\/wp-json\/wp\/v2\/posts\/20371","targetHints":{"allow":["GET"]}}],"collection":[{"href":"https:\/\/sertv.gob.pa\/nacionalfm\/wp-json\/wp\/v2\/posts"}],"about":[{"href":"https:\/\/sertv.gob.pa\/nacionalfm\/wp-json\/wp\/v2\/types\/post"}],"author":[{"embeddable":true,"href":"https:\/\/sertv.gob.pa\/nacionalfm\/wp-json\/wp\/v2\/users\/1"}],"replies":[{"embeddable":true,"href":"https:\/\/sertv.gob.pa\/nacionalfm\/wp-json\/wp\/v2\/comments?post=20371"}],"version-history":[{"count":0,"href":"https:\/\/sertv.gob.pa\/nacionalfm\/wp-json\/wp\/v2\/posts\/20371\/revisions"}],"wp:featuredmedia":[{"embeddable":true,"href":"https:\/\/sertv.gob.pa\/nacionalfm\/wp-json\/wp\/v2\/media\/20372"}],"wp:attachment":[{"href":"https:\/\/sertv.gob.pa\/nacionalfm\/wp-json\/wp\/v2\/media?parent=20371"}],"wp:term":[{"taxonomy":"category","embeddable":true,"href":"https:\/\/sertv.gob.pa\/nacionalfm\/wp-json\/wp\/v2\/categories?post=20371"},{"taxonomy":"post_tag","embeddable":true,"href":"https:\/\/sertv.gob.pa\/nacionalfm\/wp-json\/wp\/v2\/tags?post=20371"}],"curies":[{"name":"wp","href":"https:\/\/api.w.org\/{rel}","templated":true}]}}