{"id":20373,"date":"2017-05-11T18:01:41","date_gmt":"2017-05-11T18:01:41","guid":{"rendered":""},"modified":"2017-05-11T18:01:41","modified_gmt":"2017-05-11T18:01:41","slug":"fabrican-una-esperanza-para-la-sordera","status":"publish","type":"post","link":"https:\/\/sertv.gob.pa\/nacionalfm\/fabrican-una-esperanza-para-la-sordera\/","title":{"rendered":"Fabrican una esperanza para la sordera"},"content":{"rendered":"<p>\nCon el\u00a0 prop\u00f3sito de solucionar los problemas auditivos m\u00e1s frecuentes, cient\u00edficos de \u00a0la Universidad de Indiana y la Escuela de Medicina de Boston, ambas en Estados Unidos, han fabricado por primera vez un  mini o\u00eddo interno.  El organoide fue dise\u00f1ado con medicina regenerativa a partir de c\u00e9lulas ciliadas, encargadas de\u00a0transformar el sonido en una se\u00f1al el\u00e9ctrica\u00a0que el cerebro pueda interpretar. Esto significa un avance en los tratamientos existentes contra la p\u00e9rdida de audici\u00f3n y\u00a0v\u00e9rtigo. <\/p>\n<p>Para modelar este \u00f3rgano, los expertos estadounidenses cultivaron c\u00e9lulas madre sobre una placa en 3D. Dentro de estos moldes, se probaron distintos tipos de cultivo para favorecer el desarrollo y crecimiento del mini o\u00eddo, hasta que las c\u00e9lulas sensoriales nacieron. El resultado fue publicado en la revista  Nature Biotechnology  como una esperanza para la investigaci\u00f3n sobre este \u00f3rgano\u00a0interno.\u00a0 <\/p>\n<p>El mini o\u00eddo es el foco m\u00e1s afectado en\u00a0las sorderas\u00a0comunes. La p\u00e9rdida en la capacidad de oir es\u00a0provocada por agresiones externas debido a infecciones, alteraciones gen\u00e9ticas, efectos de antibi\u00f3ticos o traumas ac\u00fasticos. A veces este tipo de padecimientos son causados por envejecimiento, cuando las  75.000 c\u00e9lulas ciliadas  que tienen los humanos mueren con los a\u00f1os. <\/p>\n<p>\u00a0 <\/p>\n","protected":false},"excerpt":{"rendered":"<p>Con el\u00a0 prop\u00f3sito de solucionar los problemas auditivos m\u00e1s frecuentes, <a href=\"https:\/\/sertv.gob.pa\/nacionalfm\/fabrican-una-esperanza-para-la-sordera\/\"> [&#8230;]<\/a><\/p>\n","protected":false},"author":1,"featured_media":20374,"comment_status":"closed","ping_status":"closed","sticky":false,"template":"","format":"standard","meta":{"footnotes":""},"categories":[5],"tags":[],"class_list":["post-20373","post","type-post","status-publish","format-standard","has-post-thumbnail","hentry","category-salud"],"_links":{"self":[{"href":"https:\/\/sertv.gob.pa\/nacionalfm\/wp-json\/wp\/v2\/posts\/20373","targetHints":{"allow":["GET"]}}],"collection":[{"href":"https:\/\/sertv.gob.pa\/nacionalfm\/wp-json\/wp\/v2\/posts"}],"about":[{"href":"https:\/\/sertv.gob.pa\/nacionalfm\/wp-json\/wp\/v2\/types\/post"}],"author":[{"embeddable":true,"href":"https:\/\/sertv.gob.pa\/nacionalfm\/wp-json\/wp\/v2\/users\/1"}],"replies":[{"embeddable":true,"href":"https:\/\/sertv.gob.pa\/nacionalfm\/wp-json\/wp\/v2\/comments?post=20373"}],"version-history":[{"count":0,"href":"https:\/\/sertv.gob.pa\/nacionalfm\/wp-json\/wp\/v2\/posts\/20373\/revisions"}],"wp:featuredmedia":[{"embeddable":true,"href":"https:\/\/sertv.gob.pa\/nacionalfm\/wp-json\/wp\/v2\/media\/20374"}],"wp:attachment":[{"href":"https:\/\/sertv.gob.pa\/nacionalfm\/wp-json\/wp\/v2\/media?parent=20373"}],"wp:term":[{"taxonomy":"category","embeddable":true,"href":"https:\/\/sertv.gob.pa\/nacionalfm\/wp-json\/wp\/v2\/categories?post=20373"},{"taxonomy":"post_tag","embeddable":true,"href":"https:\/\/sertv.gob.pa\/nacionalfm\/wp-json\/wp\/v2\/tags?post=20373"}],"curies":[{"name":"wp","href":"https:\/\/api.w.org\/{rel}","templated":true}]}}