{"id":20403,"date":"2017-05-12T16:09:41","date_gmt":"2017-05-12T16:09:41","guid":{"rendered":""},"modified":"2017-05-12T16:09:41","modified_gmt":"2017-05-12T16:09:41","slug":"jornada-para-detectar-cancer-de-piel-se-realiza-en-chiriqui","status":"publish","type":"post","link":"https:\/\/sertv.gob.pa\/nacionalfm\/jornada-para-detectar-cancer-de-piel-se-realiza-en-chiriqui\/","title":{"rendered":"Jornada para detectar c\u00e1ncer de piel se realiza en Chiriqu\u00ed"},"content":{"rendered":"<p>\nCon el prop\u00f3sito de detectar a tiempo los casos de c\u00e1ncer de piel en Chiriqu\u00ed, el Municipio de David hizo una jornada de detecci\u00f3n. <\/p>\n<p>Cerca de 135 personas fueron evaluadas y a 10 se les detect\u00f3 carcinomas vasocelulares, siendo remitidas al Hospital Rafael Hern\u00e1ndez para su extirpaci\u00f3n. <\/p>\n<p>&lsquo;Lo importante del c\u00e1ncer de piel es que es visible y a trav\u00e9s de un examen hecho con la ayuda de un dermastocopio, lo podemos identificar a tiempo&#8217;, explic\u00f3 la doctora Karen Zapata. <\/p>\n<p>Las edades de mayor incidencia de c\u00e1ncer de piel, es entre los 55 y 67 a\u00f1os. <\/p>\n<p>\u00a0 <\/p>\n","protected":false},"excerpt":{"rendered":"<p>Con el prop\u00f3sito de detectar a tiempo los casos de <a href=\"https:\/\/sertv.gob.pa\/nacionalfm\/jornada-para-detectar-cancer-de-piel-se-realiza-en-chiriqui\/\"> [&#8230;]<\/a><\/p>\n","protected":false},"author":1,"featured_media":20404,"comment_status":"closed","ping_status":"closed","sticky":false,"template":"","format":"standard","meta":{"footnotes":""},"categories":[5],"tags":[],"class_list":["post-20403","post","type-post","status-publish","format-standard","has-post-thumbnail","hentry","category-salud"],"_links":{"self":[{"href":"https:\/\/sertv.gob.pa\/nacionalfm\/wp-json\/wp\/v2\/posts\/20403","targetHints":{"allow":["GET"]}}],"collection":[{"href":"https:\/\/sertv.gob.pa\/nacionalfm\/wp-json\/wp\/v2\/posts"}],"about":[{"href":"https:\/\/sertv.gob.pa\/nacionalfm\/wp-json\/wp\/v2\/types\/post"}],"author":[{"embeddable":true,"href":"https:\/\/sertv.gob.pa\/nacionalfm\/wp-json\/wp\/v2\/users\/1"}],"replies":[{"embeddable":true,"href":"https:\/\/sertv.gob.pa\/nacionalfm\/wp-json\/wp\/v2\/comments?post=20403"}],"version-history":[{"count":0,"href":"https:\/\/sertv.gob.pa\/nacionalfm\/wp-json\/wp\/v2\/posts\/20403\/revisions"}],"wp:featuredmedia":[{"embeddable":true,"href":"https:\/\/sertv.gob.pa\/nacionalfm\/wp-json\/wp\/v2\/media\/20404"}],"wp:attachment":[{"href":"https:\/\/sertv.gob.pa\/nacionalfm\/wp-json\/wp\/v2\/media?parent=20403"}],"wp:term":[{"taxonomy":"category","embeddable":true,"href":"https:\/\/sertv.gob.pa\/nacionalfm\/wp-json\/wp\/v2\/categories?post=20403"},{"taxonomy":"post_tag","embeddable":true,"href":"https:\/\/sertv.gob.pa\/nacionalfm\/wp-json\/wp\/v2\/tags?post=20403"}],"curies":[{"name":"wp","href":"https:\/\/api.w.org\/{rel}","templated":true}]}}