{"id":20411,"date":"2017-05-12T19:16:45","date_gmt":"2017-05-12T19:16:45","guid":{"rendered":""},"modified":"2017-05-12T19:16:45","modified_gmt":"2017-05-12T19:16:45","slug":"panama-oeste-gana-ier-campeonato-nacional-mayor-de-hockey-five","status":"publish","type":"post","link":"https:\/\/sertv.gob.pa\/nacionalfm\/panama-oeste-gana-ier-campeonato-nacional-mayor-de-hockey-five\/","title":{"rendered":"Panam\u00e1 Oeste gana Ier. Campeonato Nacional Mayor de Hockey Five"},"content":{"rendered":"<p>\n El primer Campeonato Nacional Mayor de Hockey Five, como se denomina a la modalidad ol\u00edmpica de este deporte, inici\u00f3 con un desfile en las principales avenidas de la Ciudad de Penonom\u00e9, Provincia de Cocl\u00e9.  <\/p>\n<p> El Campeonato que se extendi\u00f3 hasta el d\u00eda Domingo 7 de mayo, cont\u00f3 con las representaciones de las provincias de Bocas del Toro, Cocl\u00e9 (sede), Col\u00f3n, Chiriqu\u00ed, Panam\u00e1 City y Panam\u00e1 Oeste, en las categor\u00edas femenina y masculina, y se realiz\u00f3 en la Cancha Sint\u00e9tica V\u00eda El Coco.   <\/p>\n<p> Luego de la jornada de clasificaci\u00f3n\u00a0 en varones, se disputaron las semifinales las cuales quedaron as\u00ed: Bocas del Toro 1 &#8211;\u00a0 Chiriqu\u00ed 3 ; y Col\u00f3n 1 &#8211; Panam\u00e1 City 3; llev\u00e1ndose finalmente el campeonato el equipo de Panam\u00e1 City ante Chiriqu\u00ed por marcador final de 4-1.   <\/p>\n<p> En cuanto a la rama femenina la representaci\u00f3n de la capital Panam\u00e1 City H.C., tambi\u00e9n se llev\u00f3 la medalla de oro frente al equipo de Cocl\u00e9 que se qued\u00f3 con el subcampeonato;\u00a0 tercer lugar fue para Panam\u00e1 Oeste Hockey Club.   <\/p>\n<p> La Asociaci\u00f3n Paname\u00f1a de Hockey hizo un reconocimiento especial al Profesor Alexis Peralta Ja\u00e9n, Presidente y Director T\u00e9cnico de Cocl\u00e9,\u00a0 por sus diez a\u00f1os dedicados al desarrollo y crecimiento del hockey en la provincia de Cocl\u00e9, con la que ha obtenido un tricampeonato nacional, entre otros; e igualmente, se distingui\u00f3 a los atletas Manuel Correa Ayala, Campe\u00f3n Goleador Centroamericano, a Eduardo Gordon que ha sido miembro de la Selecci\u00f3n Nacional y a Rosa S\u00e1nchez, integrante de la Selecci\u00f3n Nacional de Panam\u00e1 tricampeona centroamericana de hockey.\u00a0   <\/p>\n<p> El campeonato nacional servir\u00e1 de marco para escoger las selecciones nacionales que nos representar\u00e1n este a\u00f1o en el campeonato centroamericano de hockey que organiza la Federaci\u00f3n Panamericana de Hockey.\u00a0  <\/p>\n","protected":false},"excerpt":{"rendered":"<p>El primer Campeonato Nacional Mayor de Hockey Five, como se <a href=\"https:\/\/sertv.gob.pa\/nacionalfm\/panama-oeste-gana-ier-campeonato-nacional-mayor-de-hockey-five\/\"> [&#8230;]<\/a><\/p>\n","protected":false},"author":1,"featured_media":20412,"comment_status":"closed","ping_status":"closed","sticky":false,"template":"","format":"standard","meta":{"footnotes":""},"categories":[4],"tags":[],"class_list":["post-20411","post","type-post","status-publish","format-standard","has-post-thumbnail","hentry","category-deportes"],"_links":{"self":[{"href":"https:\/\/sertv.gob.pa\/nacionalfm\/wp-json\/wp\/v2\/posts\/20411","targetHints":{"allow":["GET"]}}],"collection":[{"href":"https:\/\/sertv.gob.pa\/nacionalfm\/wp-json\/wp\/v2\/posts"}],"about":[{"href":"https:\/\/sertv.gob.pa\/nacionalfm\/wp-json\/wp\/v2\/types\/post"}],"author":[{"embeddable":true,"href":"https:\/\/sertv.gob.pa\/nacionalfm\/wp-json\/wp\/v2\/users\/1"}],"replies":[{"embeddable":true,"href":"https:\/\/sertv.gob.pa\/nacionalfm\/wp-json\/wp\/v2\/comments?post=20411"}],"version-history":[{"count":0,"href":"https:\/\/sertv.gob.pa\/nacionalfm\/wp-json\/wp\/v2\/posts\/20411\/revisions"}],"wp:featuredmedia":[{"embeddable":true,"href":"https:\/\/sertv.gob.pa\/nacionalfm\/wp-json\/wp\/v2\/media\/20412"}],"wp:attachment":[{"href":"https:\/\/sertv.gob.pa\/nacionalfm\/wp-json\/wp\/v2\/media?parent=20411"}],"wp:term":[{"taxonomy":"category","embeddable":true,"href":"https:\/\/sertv.gob.pa\/nacionalfm\/wp-json\/wp\/v2\/categories?post=20411"},{"taxonomy":"post_tag","embeddable":true,"href":"https:\/\/sertv.gob.pa\/nacionalfm\/wp-json\/wp\/v2\/tags?post=20411"}],"curies":[{"name":"wp","href":"https:\/\/api.w.org\/{rel}","templated":true}]}}