{"id":20413,"date":"2017-05-12T20:04:23","date_gmt":"2017-05-12T20:04:23","guid":{"rendered":""},"modified":"2017-05-12T20:04:23","modified_gmt":"2017-05-12T20:04:23","slug":"entregan-personeria-juridica-a-grupo-indigena-adjap","status":"publish","type":"post","link":"https:\/\/sertv.gob.pa\/nacionalfm\/entregan-personeria-juridica-a-grupo-indigena-adjap\/","title":{"rendered":"Entregan personer\u00eda jur\u00eddica a grupo ind\u00edgena  ADJAP"},"content":{"rendered":"<p>\nLa personer\u00eda jur\u00eddica en que se da reconocimiento oficial a la Asociaci\u00f3n de Deportes Ancestrales de Panam\u00e1, conformada por los siete pueblos ind\u00edgenas establecidos en la Rep\u00fablica de Panam\u00e1, fue entregada por el director general del Instituto Paname\u00f1o de Deportes Roberto Arango Chiari, en uso de sus facultades al presidente de la organizaci\u00f3n Dugnicalli Green, en el acto tambi\u00e9n estuvo presente la Jefa de Asesor\u00eda Legal, Massiel Gonz\u00e1lez. <\/p>\n<p>El reconocimiento de PANDEPORTES a ADJAP se otorga tras cumplir con toda la documentaci\u00f3n exigida, entre los que est\u00e1n el acta de constituci\u00f3n firmada por los miembros fundadores, la elecci\u00f3n de la junta directiva, los estatutos, incluyendo las normas reglamentarias disciplinarias y la aprobaci\u00f3n de los estatutos. <\/p>\n<p>La formaci\u00f3n de la ADJAP como un organismo sin fines de lucro que se fundamenta en la promoci\u00f3n y desarrollo a nivel competitivo y recreativo de los juegos ancestrales; fomentar, promover, rescatar y capacitar t\u00e9cnicamente a los pueblos ind\u00edgenas de Panam\u00e1 en los juegos ancestrales. <\/p>\n<p>Adem\u00e1s de Green la junta directiva de ADJAP est\u00e1 integrada por C\u00e9sar Cires, vicepresidente; Milciades Brenes, secretario, Osvaldo Gonz\u00e1lez, tesorero; Obigilda Guerra, subtesorera; Atencio L\u00f3pez, fiscal y Elvin Flaco, vocal, en representaci\u00f3n de los pueblos ind\u00edgenas de Panam\u00e1 conformados por los Guna, Embera, Wounaan, Bugl\u00e9, Ng\u00e4be, Naso Tj\u00e9r y Bri Bri. <\/p>\n<p>La ADJAP al establecerse oficialmente como una organizaci\u00f3n deportiva buscar\u00e1 darle fortalecimiento y seguimiento a diversos eventos, como fue competir en el 2015 en los Primeros Juegos Mundiales de los Pueblos Ind\u00edgenas, celebrados oficial en Brasil con la participaci\u00f3n de 26 pa\u00edses y la preparaci\u00f3n que est\u00e1n llevando a cabo actualmente para asistir a la segunda versi\u00f3n de esta justa deportiva en agosto de este a\u00f1o en Edmonton, Canad\u00e1. <\/p>\n<p>\u00a0 <\/p>\n","protected":false},"excerpt":{"rendered":"<p>La personer\u00eda jur\u00eddica en que se da reconocimiento oficial a <a href=\"https:\/\/sertv.gob.pa\/nacionalfm\/entregan-personeria-juridica-a-grupo-indigena-adjap\/\"> [&#8230;]<\/a><\/p>\n","protected":false},"author":1,"featured_media":20414,"comment_status":"closed","ping_status":"closed","sticky":false,"template":"","format":"standard","meta":{"footnotes":""},"categories":[4],"tags":[],"class_list":["post-20413","post","type-post","status-publish","format-standard","has-post-thumbnail","hentry","category-deportes"],"_links":{"self":[{"href":"https:\/\/sertv.gob.pa\/nacionalfm\/wp-json\/wp\/v2\/posts\/20413","targetHints":{"allow":["GET"]}}],"collection":[{"href":"https:\/\/sertv.gob.pa\/nacionalfm\/wp-json\/wp\/v2\/posts"}],"about":[{"href":"https:\/\/sertv.gob.pa\/nacionalfm\/wp-json\/wp\/v2\/types\/post"}],"author":[{"embeddable":true,"href":"https:\/\/sertv.gob.pa\/nacionalfm\/wp-json\/wp\/v2\/users\/1"}],"replies":[{"embeddable":true,"href":"https:\/\/sertv.gob.pa\/nacionalfm\/wp-json\/wp\/v2\/comments?post=20413"}],"version-history":[{"count":0,"href":"https:\/\/sertv.gob.pa\/nacionalfm\/wp-json\/wp\/v2\/posts\/20413\/revisions"}],"wp:featuredmedia":[{"embeddable":true,"href":"https:\/\/sertv.gob.pa\/nacionalfm\/wp-json\/wp\/v2\/media\/20414"}],"wp:attachment":[{"href":"https:\/\/sertv.gob.pa\/nacionalfm\/wp-json\/wp\/v2\/media?parent=20413"}],"wp:term":[{"taxonomy":"category","embeddable":true,"href":"https:\/\/sertv.gob.pa\/nacionalfm\/wp-json\/wp\/v2\/categories?post=20413"},{"taxonomy":"post_tag","embeddable":true,"href":"https:\/\/sertv.gob.pa\/nacionalfm\/wp-json\/wp\/v2\/tags?post=20413"}],"curies":[{"name":"wp","href":"https:\/\/api.w.org\/{rel}","templated":true}]}}