{"id":20441,"date":"2017-05-15T17:53:28","date_gmt":"2017-05-15T17:53:28","guid":{"rendered":""},"modified":"2017-05-15T17:53:28","modified_gmt":"2017-05-15T17:53:28","slug":"verifique-el-estado-de-sus-vacunas-si-esta-por-viajar","status":"publish","type":"post","link":"https:\/\/sertv.gob.pa\/nacionalfm\/verifique-el-estado-de-sus-vacunas-si-esta-por-viajar\/","title":{"rendered":"Verifique el estado de sus vacunas si est\u00e1 por viajar"},"content":{"rendered":"<p>\nEl Ministerio de Salud de Panam\u00e1 sugiri\u00f3 a los viajeros verificar el estado de sus vacunas si pretenden emprender un viaje hacia el exterior,\u00a0ante reportes de brotes de sarampi\u00f3n desde finales de 2016 en\u00a0distintos pa\u00edses de Europa y en Estados Unidos. <\/p>\n<p>Las autoridades recordaron\u00a0una especial protecci\u00f3n contra el sarampi\u00f3n y la rub\u00e9ola y que \u00e9sta sea parte del plan de viaje. <\/p>\n<p>En pa\u00edses de \u00c1frica y Asia igualmente se han reportado brotes de sarampi\u00f3n y otras enfermedades prevenibles por vacunas entre 2015 y 2016. <\/p>\n<p>En relaci\u00f3n a la fiebre amarilla, hasta la fecha solo Brasil reporta brote activo de la enfermedad en las Am\u00e9ricas; no obstante, existen otros pa\u00edses que tienen dentro de sus requisitos de entrada la solicitud de la Tarjeta de Vacunaci\u00f3n Internacional, entre ellos: Belice, Nicaragua, El Salvador, Cuba, Bahamas, Jamaica y Bolivia. <\/p>\n<p>Quienes decidan vacunarse deber\u00e1n acudir a las instalaciones de salud del Minsa o de la Caja de Seguro Social (CSS) donde ser\u00e1n vacunados gratuitamente. <\/p>\n<p>\u00a0 <\/p>\n<p>\u00a0 <\/p>\n","protected":false},"excerpt":{"rendered":"<p>El Ministerio de Salud de Panam\u00e1 sugiri\u00f3 a los viajeros <a href=\"https:\/\/sertv.gob.pa\/nacionalfm\/verifique-el-estado-de-sus-vacunas-si-esta-por-viajar\/\"> [&#8230;]<\/a><\/p>\n","protected":false},"author":1,"featured_media":20442,"comment_status":"closed","ping_status":"closed","sticky":false,"template":"","format":"standard","meta":{"footnotes":""},"categories":[5],"tags":[],"class_list":["post-20441","post","type-post","status-publish","format-standard","has-post-thumbnail","hentry","category-salud"],"_links":{"self":[{"href":"https:\/\/sertv.gob.pa\/nacionalfm\/wp-json\/wp\/v2\/posts\/20441","targetHints":{"allow":["GET"]}}],"collection":[{"href":"https:\/\/sertv.gob.pa\/nacionalfm\/wp-json\/wp\/v2\/posts"}],"about":[{"href":"https:\/\/sertv.gob.pa\/nacionalfm\/wp-json\/wp\/v2\/types\/post"}],"author":[{"embeddable":true,"href":"https:\/\/sertv.gob.pa\/nacionalfm\/wp-json\/wp\/v2\/users\/1"}],"replies":[{"embeddable":true,"href":"https:\/\/sertv.gob.pa\/nacionalfm\/wp-json\/wp\/v2\/comments?post=20441"}],"version-history":[{"count":0,"href":"https:\/\/sertv.gob.pa\/nacionalfm\/wp-json\/wp\/v2\/posts\/20441\/revisions"}],"wp:featuredmedia":[{"embeddable":true,"href":"https:\/\/sertv.gob.pa\/nacionalfm\/wp-json\/wp\/v2\/media\/20442"}],"wp:attachment":[{"href":"https:\/\/sertv.gob.pa\/nacionalfm\/wp-json\/wp\/v2\/media?parent=20441"}],"wp:term":[{"taxonomy":"category","embeddable":true,"href":"https:\/\/sertv.gob.pa\/nacionalfm\/wp-json\/wp\/v2\/categories?post=20441"},{"taxonomy":"post_tag","embeddable":true,"href":"https:\/\/sertv.gob.pa\/nacionalfm\/wp-json\/wp\/v2\/tags?post=20441"}],"curies":[{"name":"wp","href":"https:\/\/api.w.org\/{rel}","templated":true}]}}