{"id":20469,"date":"2017-05-16T17:50:41","date_gmt":"2017-05-16T17:50:41","guid":{"rendered":""},"modified":"2017-05-16T17:50:41","modified_gmt":"2017-05-16T17:50:41","slug":"comer-hortalizas-de-hoja-verde-reducen-riesgo-de-sufrir-cataratas","status":"publish","type":"post","link":"https:\/\/sertv.gob.pa\/nacionalfm\/comer-hortalizas-de-hoja-verde-reducen-riesgo-de-sufrir-cataratas\/","title":{"rendered":"Comer hortalizas de hoja verde reducen riesgo de sufrir cataratas"},"content":{"rendered":"<p>\nUna catarata es una nubosidad en el cristalino del ojo que dificulta la visi\u00f3n. Es una causa frecuente de ceguera que se asocia sobre todo al envejecimiento y a determinadas patolog\u00edas como la diabetes tipo 2. Pero existen otros factores de riesgo, como la obesidad, la dieta, el tabaquismo y el alcohol. <\/p>\n<p>Entre los mecanismos implicados en la formaci\u00f3n de cataratas, la oxidaci\u00f3n y la inflamaci\u00f3n parecen tener un papel relevante. Para comprobarlo, expertos de la Universidad Rovira i Virgili, el Instituto de Investigaci\u00f3n Sanitaria Pere y Virgili y el Ciber Fitopatolog\u00eda de la Obesidad y Nutrici\u00f3n evaluaron la relaci\u00f3n entre los alimentos que contienen vitamina K y la aparici\u00f3n de dicha opacidad en el ojo. <\/p>\n<p>Teniendo en cuenta que la vitamina K tiene propiedades antinflamatorias y antioxidantes y tambi\u00e9n est\u00e1 relacionada con el metabolismo de la glucosa y la insulina, los investigadores postularon que su ingesta se podr\u00eda asociar con un menor peligro de cataratas en una poblaci\u00f3n mediterr\u00e1nea de gente mayor. <\/p>\n<p>En este trabajo han podido demostrar el beneficio del consumo de vitamina K &ndash;que se halla en los vegetales, especialmente los de hoja verde&ndash; sobre el riesgo de sufrir cataratas, es decir, que protege el desarrollo. <\/p>\n<p>El estudio, dirigido por M\u00f2nica Bull\u00f3 y Jordi Salas, se efectu\u00f3 en 5.860 participantes del estudio sobre prevenci\u00f3n con dieta mediterr\u00e1nea (PREDIMED) que fueron seguidos durante casi 6 a\u00f1os. <\/p>\n<p>La muestra eran hombres y mujeres de entre 60 y 80 a\u00f1os y con factores de riesgo cardiovascular a los que se hizo el seguimiento a trav\u00e9s de visitas peri\u00f3dicas. En estas consultas se recog\u00edan par\u00e1metros de salud y estilo de vida, incluyendo datos de alimentaci\u00f3n. <\/p>\n<p>Al final del seguimiento se documentaron un total de 768 cataratas aparecidas durante la investigaci\u00f3n. Los resultados confirman que las personas que consum\u00edan m\u00e1s vitamina K ten\u00edan menos riesgo de sufrir cataratas, casi un 30% menos de peligro en comparaci\u00f3n con los individuos que tomaban menos. Si bien este efecto se hab\u00eda observado previamente en ratones, esta es la primera vez que se describe este beneficio en personas. <\/p>\n<p>\u00a0 <\/p>\n<p>\u00a0 <\/p>\n","protected":false},"excerpt":{"rendered":"<p>Una catarata es una nubosidad en el cristalino del ojo <a href=\"https:\/\/sertv.gob.pa\/nacionalfm\/comer-hortalizas-de-hoja-verde-reducen-riesgo-de-sufrir-cataratas\/\"> [&#8230;]<\/a><\/p>\n","protected":false},"author":1,"featured_media":20470,"comment_status":"closed","ping_status":"closed","sticky":false,"template":"","format":"standard","meta":{"footnotes":""},"categories":[5],"tags":[],"class_list":["post-20469","post","type-post","status-publish","format-standard","has-post-thumbnail","hentry","category-salud"],"_links":{"self":[{"href":"https:\/\/sertv.gob.pa\/nacionalfm\/wp-json\/wp\/v2\/posts\/20469","targetHints":{"allow":["GET"]}}],"collection":[{"href":"https:\/\/sertv.gob.pa\/nacionalfm\/wp-json\/wp\/v2\/posts"}],"about":[{"href":"https:\/\/sertv.gob.pa\/nacionalfm\/wp-json\/wp\/v2\/types\/post"}],"author":[{"embeddable":true,"href":"https:\/\/sertv.gob.pa\/nacionalfm\/wp-json\/wp\/v2\/users\/1"}],"replies":[{"embeddable":true,"href":"https:\/\/sertv.gob.pa\/nacionalfm\/wp-json\/wp\/v2\/comments?post=20469"}],"version-history":[{"count":0,"href":"https:\/\/sertv.gob.pa\/nacionalfm\/wp-json\/wp\/v2\/posts\/20469\/revisions"}],"wp:featuredmedia":[{"embeddable":true,"href":"https:\/\/sertv.gob.pa\/nacionalfm\/wp-json\/wp\/v2\/media\/20470"}],"wp:attachment":[{"href":"https:\/\/sertv.gob.pa\/nacionalfm\/wp-json\/wp\/v2\/media?parent=20469"}],"wp:term":[{"taxonomy":"category","embeddable":true,"href":"https:\/\/sertv.gob.pa\/nacionalfm\/wp-json\/wp\/v2\/categories?post=20469"},{"taxonomy":"post_tag","embeddable":true,"href":"https:\/\/sertv.gob.pa\/nacionalfm\/wp-json\/wp\/v2\/tags?post=20469"}],"curies":[{"name":"wp","href":"https:\/\/api.w.org\/{rel}","templated":true}]}}