{"id":20471,"date":"2017-05-16T18:04:20","date_gmt":"2017-05-16T18:04:20","guid":{"rendered":""},"modified":"2017-05-16T18:04:20","modified_gmt":"2017-05-16T18:04:20","slug":"la-oms-preve-un-rapido-control-de-la-epidemia-de-ebola","status":"publish","type":"post","link":"https:\/\/sertv.gob.pa\/nacionalfm\/la-oms-preve-un-rapido-control-de-la-epidemia-de-ebola\/","title":{"rendered":"La OMS prev\u00e9 un r\u00e1pido control de la epidemia de \u00e9bola"},"content":{"rendered":"<p>\nLa Organizaci\u00f3n Mundial de la Salud y el gobierno de la  Rep\u00fablica Democr\u00e1tica del Congo  esperan no ceder mucho terreno a la nueva epidemia de \u00e9bola. A diferencia de la epidemia que azot\u00f3 \u00c1frica en 2013, conf\u00edan en que la r\u00e1pida acci\u00f3n y las medidas preventivas mantengan confinado el brote de la mortal enfermedad. <\/p>\n<p>Hasta la fecha, se han reportado  11 casos sospechosos , incluyendo 3 muertes en la zona de Likati, provincia de Bas-Uele, en la parte norte del pa\u00eds fronterizo con la Rep\u00fablica Centroafricana. Likati est\u00e1 a unos 1400 kil\u00f3metros de Kinsasa, la capital. <\/p>\n<p>&ldquo;Estoy aqu\u00ed para asegurar al gobierno de la Rep\u00fablica Democr\u00e1tica del Congo que en colaboraci\u00f3n con el sistema de la ONU y otros socios, trabajaremos juntos para responder a este brote.  La OMS ya ha movilizado a expertos t\u00e9cnicos p ara que se desplieguen sobre el terreno y est\u00e1 dispuesta a proporcionar el liderazgo y los conocimientos t\u00e9cnicos necesarios para organizar una respuesta coordinada y eficaz. Animo al p\u00fablico a trabajar con las autoridades sanitarias ya tomar las medidas preventivas necesarias para proteger su salud&rdquo;, coment\u00f3 Matshidiso Moeti, director regional de la OMS. <\/p>\n<p> El primer caso ocurri\u00f3 el 22 de abril en un var\u00f3n de 45 a\u00f1os . Fue transportado en taxi al hospital y falleci\u00f3 a su llegada. El conductor tambi\u00e9n cay\u00f3 enfermo y m\u00e1s tarde muri\u00f3. Una tercera persona que cuid\u00f3 el primer caso igualmente se enferm\u00f3 y posteriormente muri\u00f3. En la actualidad, se siguen 25 contactos del segundo paciente que falleci\u00f3. De los casos y decesos, \u00fanicamente uno ha sido confirmado con pruebas de laboratorio. <\/p>\n<p>\u00a0 <\/p>\n<p>\u00a0 <\/p>\n","protected":false},"excerpt":{"rendered":"<p>La Organizaci\u00f3n Mundial de la Salud y el gobierno de <a href=\"https:\/\/sertv.gob.pa\/nacionalfm\/la-oms-preve-un-rapido-control-de-la-epidemia-de-ebola\/\"> [&#8230;]<\/a><\/p>\n","protected":false},"author":1,"featured_media":20472,"comment_status":"closed","ping_status":"closed","sticky":false,"template":"","format":"standard","meta":{"footnotes":""},"categories":[5],"tags":[],"class_list":["post-20471","post","type-post","status-publish","format-standard","has-post-thumbnail","hentry","category-salud"],"_links":{"self":[{"href":"https:\/\/sertv.gob.pa\/nacionalfm\/wp-json\/wp\/v2\/posts\/20471","targetHints":{"allow":["GET"]}}],"collection":[{"href":"https:\/\/sertv.gob.pa\/nacionalfm\/wp-json\/wp\/v2\/posts"}],"about":[{"href":"https:\/\/sertv.gob.pa\/nacionalfm\/wp-json\/wp\/v2\/types\/post"}],"author":[{"embeddable":true,"href":"https:\/\/sertv.gob.pa\/nacionalfm\/wp-json\/wp\/v2\/users\/1"}],"replies":[{"embeddable":true,"href":"https:\/\/sertv.gob.pa\/nacionalfm\/wp-json\/wp\/v2\/comments?post=20471"}],"version-history":[{"count":0,"href":"https:\/\/sertv.gob.pa\/nacionalfm\/wp-json\/wp\/v2\/posts\/20471\/revisions"}],"wp:featuredmedia":[{"embeddable":true,"href":"https:\/\/sertv.gob.pa\/nacionalfm\/wp-json\/wp\/v2\/media\/20472"}],"wp:attachment":[{"href":"https:\/\/sertv.gob.pa\/nacionalfm\/wp-json\/wp\/v2\/media?parent=20471"}],"wp:term":[{"taxonomy":"category","embeddable":true,"href":"https:\/\/sertv.gob.pa\/nacionalfm\/wp-json\/wp\/v2\/categories?post=20471"},{"taxonomy":"post_tag","embeddable":true,"href":"https:\/\/sertv.gob.pa\/nacionalfm\/wp-json\/wp\/v2\/tags?post=20471"}],"curies":[{"name":"wp","href":"https:\/\/api.w.org\/{rel}","templated":true}]}}