{"id":20501,"date":"2017-05-17T17:25:33","date_gmt":"2017-05-17T17:25:33","guid":{"rendered":""},"modified":"2017-05-17T17:25:33","modified_gmt":"2017-05-17T17:25:33","slug":"inician-hoy-los-guantes-de-oro-2017","status":"publish","type":"post","link":"https:\/\/sertv.gob.pa\/nacionalfm\/inician-hoy-los-guantes-de-oro-2017\/","title":{"rendered":"Inician hoy los Guantes de Oro 2017"},"content":{"rendered":"<p>\nHoy a las 4 de la tarde se inaugura el Campeonato Nacional Guantes de Oro de Boxeo en su versi\u00f3n XLIII en el gimnasio Orlando Winter de San Miguelito, dedicado al entrenador paname\u00f1o Rigoberto Garibaldi. <\/p>\n<p>En el torneo participar\u00e1n las provincias de Col\u00f3n, Veraguas, Chiriqu\u00ed, Bocas del Toro, Cocl\u00e9, Los Santos, Panam\u00e1 Oeste, como anfitriona la provincia de Panam\u00e1 Metro y por invitaci\u00f3n La Polic\u00eda Nacional. <\/p>\n<p>Las provincias de Dari\u00e9n y Herrera no participan en el torneo por no haber renovado sus respectivas juntas directivas. <\/p>\n","protected":false},"excerpt":{"rendered":"<p>Hoy a las 4 de la tarde se inaugura el <a href=\"https:\/\/sertv.gob.pa\/nacionalfm\/inician-hoy-los-guantes-de-oro-2017\/\"> [&#8230;]<\/a><\/p>\n","protected":false},"author":1,"featured_media":20502,"comment_status":"closed","ping_status":"closed","sticky":false,"template":"","format":"standard","meta":{"footnotes":""},"categories":[4],"tags":[],"class_list":["post-20501","post","type-post","status-publish","format-standard","has-post-thumbnail","hentry","category-deportes"],"_links":{"self":[{"href":"https:\/\/sertv.gob.pa\/nacionalfm\/wp-json\/wp\/v2\/posts\/20501","targetHints":{"allow":["GET"]}}],"collection":[{"href":"https:\/\/sertv.gob.pa\/nacionalfm\/wp-json\/wp\/v2\/posts"}],"about":[{"href":"https:\/\/sertv.gob.pa\/nacionalfm\/wp-json\/wp\/v2\/types\/post"}],"author":[{"embeddable":true,"href":"https:\/\/sertv.gob.pa\/nacionalfm\/wp-json\/wp\/v2\/users\/1"}],"replies":[{"embeddable":true,"href":"https:\/\/sertv.gob.pa\/nacionalfm\/wp-json\/wp\/v2\/comments?post=20501"}],"version-history":[{"count":0,"href":"https:\/\/sertv.gob.pa\/nacionalfm\/wp-json\/wp\/v2\/posts\/20501\/revisions"}],"wp:featuredmedia":[{"embeddable":true,"href":"https:\/\/sertv.gob.pa\/nacionalfm\/wp-json\/wp\/v2\/media\/20502"}],"wp:attachment":[{"href":"https:\/\/sertv.gob.pa\/nacionalfm\/wp-json\/wp\/v2\/media?parent=20501"}],"wp:term":[{"taxonomy":"category","embeddable":true,"href":"https:\/\/sertv.gob.pa\/nacionalfm\/wp-json\/wp\/v2\/categories?post=20501"},{"taxonomy":"post_tag","embeddable":true,"href":"https:\/\/sertv.gob.pa\/nacionalfm\/wp-json\/wp\/v2\/tags?post=20501"}],"curies":[{"name":"wp","href":"https:\/\/api.w.org\/{rel}","templated":true}]}}