{"id":20503,"date":"2017-05-17T17:47:58","date_gmt":"2017-05-17T17:47:58","guid":{"rendered":""},"modified":"2017-05-17T17:47:58","modified_gmt":"2017-05-17T17:47:58","slug":"sertv-brinda-homenaje-a-campeones-del-beisbol-mayor-de-colon","status":"publish","type":"post","link":"https:\/\/sertv.gob.pa\/nacionalfm\/sertv-brinda-homenaje-a-campeones-del-beisbol-mayor-de-colon\/","title":{"rendered":"SERTV brinda homenaje a campeones del B\u00e9isbol mayor de Col\u00f3n"},"content":{"rendered":"<p>\nEl Sistema Estatal de Radio y Televisi\u00f3n brind\u00f3 un agasajo a los campeones del B\u00e9isbol Mayor de Col\u00f3n, por todo lo logrado en el Campeonato Nacional de B\u00e9isbol Mayor. <\/p>\n<p>En el acto estuvieron presentes jugadores, cuerpo t\u00e9cnico, autoridades como el diputado Miguel Salas y el director de Sertv, Leonardo Alvarado. <\/p>\n<p>Se le hizo entrega a la Liga Provinicial de B\u00e9isbol de Col\u00f3n un aporte econ\u00f3mico de B\/.10.000. <\/p>\n","protected":false},"excerpt":{"rendered":"<p>El Sistema Estatal de Radio y Televisi\u00f3n brind\u00f3 un agasajo <a href=\"https:\/\/sertv.gob.pa\/nacionalfm\/sertv-brinda-homenaje-a-campeones-del-beisbol-mayor-de-colon\/\"> [&#8230;]<\/a><\/p>\n","protected":false},"author":1,"featured_media":20504,"comment_status":"closed","ping_status":"closed","sticky":false,"template":"","format":"standard","meta":{"footnotes":""},"categories":[4],"tags":[],"class_list":["post-20503","post","type-post","status-publish","format-standard","has-post-thumbnail","hentry","category-deportes"],"_links":{"self":[{"href":"https:\/\/sertv.gob.pa\/nacionalfm\/wp-json\/wp\/v2\/posts\/20503","targetHints":{"allow":["GET"]}}],"collection":[{"href":"https:\/\/sertv.gob.pa\/nacionalfm\/wp-json\/wp\/v2\/posts"}],"about":[{"href":"https:\/\/sertv.gob.pa\/nacionalfm\/wp-json\/wp\/v2\/types\/post"}],"author":[{"embeddable":true,"href":"https:\/\/sertv.gob.pa\/nacionalfm\/wp-json\/wp\/v2\/users\/1"}],"replies":[{"embeddable":true,"href":"https:\/\/sertv.gob.pa\/nacionalfm\/wp-json\/wp\/v2\/comments?post=20503"}],"version-history":[{"count":0,"href":"https:\/\/sertv.gob.pa\/nacionalfm\/wp-json\/wp\/v2\/posts\/20503\/revisions"}],"wp:featuredmedia":[{"embeddable":true,"href":"https:\/\/sertv.gob.pa\/nacionalfm\/wp-json\/wp\/v2\/media\/20504"}],"wp:attachment":[{"href":"https:\/\/sertv.gob.pa\/nacionalfm\/wp-json\/wp\/v2\/media?parent=20503"}],"wp:term":[{"taxonomy":"category","embeddable":true,"href":"https:\/\/sertv.gob.pa\/nacionalfm\/wp-json\/wp\/v2\/categories?post=20503"},{"taxonomy":"post_tag","embeddable":true,"href":"https:\/\/sertv.gob.pa\/nacionalfm\/wp-json\/wp\/v2\/tags?post=20503"}],"curies":[{"name":"wp","href":"https:\/\/api.w.org\/{rel}","templated":true}]}}